{"id":4875,"date":"2019-04-05T09:43:11","date_gmt":"2019-04-05T13:43:11","guid":{"rendered":"http:\/\/www.notaoficial.com\/s\/?p=4875"},"modified":"2019-04-05T09:43:11","modified_gmt":"2019-04-05T13:43:11","slug":"julian-gil-sera-el-conductor-de-proyecto-urbano","status":"publish","type":"post","link":"https:\/\/www.notaoficial.com\/s\/2019\/04\/05\/julian-gil-sera-el-conductor-de-proyecto-urbano\/","title":{"rendered":"Julian Gil ser\u00e1 el conductor de \u201cProyecto Urbano\u201d"},"content":{"rendered":"<p align=\"justify\">El destacado comunicador y actor <strong>Julian Gil<\/strong>, ser\u00e1 el conductor del nuevo reality show llamado \u201c<strong>Proyecto Urbano<\/strong>\u201d, que pretende seleccionar lo mejor de la m\u00fasica urbana de 21 pa\u00edses, siendo este \u00fanico en su clase y con un gran potencial por la evoluci\u00f3n de este g\u00e9nero musical.<\/p>\n<p align=\"justify\">Desde sus inicios en el mundo del entretenimiento, Julian Gil fue uno de los primeros que apoy\u00f3 el movimiento urbano con un espacio denominado \u201cApartamento 52\u201d y ahora se une a este Proyecto Urbano para ser parte de la nueva historia del movimiento.<\/p>\n<p align=\"justify\">Este nuevo reality, que m\u00e1s adelante se dar\u00e1n m\u00e1s detalles, estar\u00e1 abierto para solistas, d\u00faos y grupos que interpreten m\u00fasica urbana en espa\u00f1ol y se dar\u00e1n a conocer las audiciones a partir de oto\u00f1o del presente a\u00f1o as\u00ed como los episodios que incluir\u00e1n informaci\u00f3n sobre los inicios de este g\u00e9nero musical.<\/p>\n<p align=\"justify\">Proyecto Urbano lleva a\u00f1os en su preparaci\u00f3n y finalmente se dar\u00e1 a conocer las grabaciones entre Puerto Rico y Estados Unidos, con una transmisi\u00f3n simultanea en 21 pa\u00edses de la regi\u00f3n.<\/p>\n<p align=\"justify\">Desde ya, se pueden seguir las redes sociales del Proyecto Urbano en las principales plataformas como <a href=\"https:\/\/sable.madmimi.com\/c\/28511?id=9943530.11776.1.1a52ac433fe54b224e8ab2e0f438eb26\" target=\"_blank\" rel=\"noopener\" data-saferedirecturl=\"https:\/\/www.google.com\/url?q=https:\/\/sable.madmimi.com\/c\/28511?id%3D9943530.11776.1.1a52ac433fe54b224e8ab2e0f438eb26&amp;source=gmail&amp;ust=1554558009041000&amp;usg=AFQjCNFQsd_XyIr9WSo8hxGxZuWLO4l3RQ\">Facebook<\/a>, <a href=\"https:\/\/sable.madmimi.com\/c\/28511?id=9943530.11777.1.fca455cd9b4105d82e6e5cd665a4277f\" target=\"_blank\" rel=\"noopener\" data-saferedirecturl=\"https:\/\/www.google.com\/url?q=https:\/\/sable.madmimi.com\/c\/28511?id%3D9943530.11777.1.fca455cd9b4105d82e6e5cd665a4277f&amp;source=gmail&amp;ust=1554558009041000&amp;usg=AFQjCNEXUXbpeuABv2hzSRvlx73VrKMz3g\">Instagram<\/a> y <a href=\"https:\/\/sable.madmimi.com\/c\/28511?id=9943530.11778.1.d88c373d35fc404045222d28ef09fea4\" target=\"_blank\" rel=\"noopener\" data-saferedirecturl=\"https:\/\/www.google.com\/url?q=https:\/\/sable.madmimi.com\/c\/28511?id%3D9943530.11778.1.d88c373d35fc404045222d28ef09fea4&amp;source=gmail&amp;ust=1554558009041000&amp;usg=AFQjCNGcro5E-QO8i05U0M8hqAuzfM-lxQ\">Twitter<\/a>, adem\u00e1s pr\u00f3ximamente se dar\u00e1 a conocer las reglas y todos los pormenores del concurso mediante su p\u00e1gina web oficial.<\/p>\n<p align=\"justify\">Para m\u00e1s informaci\u00f3n, pueden escribir a: <a href=\"mailto:info@proyectourbanotv.com\" target=\"_blank\" rel=\"noopener\">info@proyectourbanotv.com<\/a>.<\/p>\n<p>&nbsp;<\/p>\n","protected":false},"excerpt":{"rendered":"<p>El destacado comunicador y actor Julian Gil, ser\u00e1 el conductor del nuevo reality show llamado \u201cProyecto Urbano\u201d, que pretende seleccionar lo mejor de la m\u00fasica urbana de 21 pa\u00edses, siendo este \u00fanico en su clase y con un gran potencial por la evoluci\u00f3n de este g\u00e9nero musical. Desde sus inicios en el mundo del entretenimiento, [&hellip;]<\/p>\n","protected":false},"author":2,"featured_media":4876,"comment_status":"closed","ping_status":"open","sticky":false,"template":"","format":"standard","meta":[],"categories":[146],"tags":[6033,6034],"wppr_data":[],"_links":{"self":[{"href":"https:\/\/www.notaoficial.com\/s\/wp-json\/wp\/v2\/posts\/4875"}],"collection":[{"href":"https:\/\/www.notaoficial.com\/s\/wp-json\/wp\/v2\/posts"}],"about":[{"href":"https:\/\/www.notaoficial.com\/s\/wp-json\/wp\/v2\/types\/post"}],"author":[{"embeddable":true,"href":"https:\/\/www.notaoficial.com\/s\/wp-json\/wp\/v2\/users\/2"}],"replies":[{"embeddable":true,"href":"https:\/\/www.notaoficial.com\/s\/wp-json\/wp\/v2\/comments?post=4875"}],"version-history":[{"count":1,"href":"https:\/\/www.notaoficial.com\/s\/wp-json\/wp\/v2\/posts\/4875\/revisions"}],"predecessor-version":[{"id":4877,"href":"https:\/\/www.notaoficial.com\/s\/wp-json\/wp\/v2\/posts\/4875\/revisions\/4877"}],"wp:featuredmedia":[{"embeddable":true,"href":"https:\/\/www.notaoficial.com\/s\/wp-json\/wp\/v2\/media\/4876"}],"wp:attachment":[{"href":"https:\/\/www.notaoficial.com\/s\/wp-json\/wp\/v2\/media?parent=4875"}],"wp:term":[{"taxonomy":"category","embeddable":true,"href":"https:\/\/www.notaoficial.com\/s\/wp-json\/wp\/v2\/categories?post=4875"},{"taxonomy":"post_tag","embeddable":true,"href":"https:\/\/www.notaoficial.com\/s\/wp-json\/wp\/v2\/tags?post=4875"}],"curies":[{"name":"wp","href":"https:\/\/api.w.org\/{rel}","templated":true}]}}