{"id":4884,"date":"2019-04-05T18:02:24","date_gmt":"2019-04-05T22:02:24","guid":{"rendered":"http:\/\/www.notaoficial.com\/s\/?p=4884"},"modified":"2019-04-05T10:04:42","modified_gmt":"2019-04-05T14:04:42","slug":"andrea-valdiri-la-chica-que-exploto-las-redes-se-lanza-como-cantante","status":"publish","type":"post","link":"https:\/\/www.notaoficial.com\/s\/2019\/04\/05\/andrea-valdiri-la-chica-que-exploto-las-redes-se-lanza-como-cantante\/","title":{"rendered":"Andrea Valdiri, la chica que explot\u00f3 las redes, se lanza como cantante"},"content":{"rendered":"<p align=\"justify\">Cuando se dio a conocer el a\u00f1o pasado el popular reto \u00ab#DuraChallenge\u00bb del artista Daddy Yankee, el nombre que sali\u00f3 a relucir fue su pionera, la bella colombiana <strong>Andrea Valdiri<\/strong>, quien adem\u00e1s hab\u00eda revolucionado la red con su imponente belleza y sus movimientos, ahora se lanza a la m\u00fasica con su primer sencillo \u00ab<a href=\"https:\/\/sable.madmimi.com\/c\/28511?id=9967855.11798.1.146000385a8cda59330a537065a097a6\" target=\"_blank\" rel=\"noopener\" data-saferedirecturl=\"https:\/\/www.google.com\/url?q=https:\/\/sable.madmimi.com\/c\/28511?id%3D9967855.11798.1.146000385a8cda59330a537065a097a6&amp;source=gmail&amp;ust=1554558018023000&amp;usg=AFQjCNFloG9oOEb-up3yNY3IBYGeAs9piA\">Violento<\/a>\u00bb bajo el nombre de <strong>La Valdiri<\/strong>.<\/p>\n<p align=\"justify\">\u00abDesde peque\u00f1a me ha encantado bailar, actuar pero sobretodo cantar\u00bb expresa la bella barranquillera quien se lanza de la mano de <strong>Carmen Santos<\/strong>, madre del reconocido <strong>Arc\u00e1ngel<\/strong>, con quien est\u00e1 dando a conocer este primer sencillo musical que saldr\u00e1 pr\u00f3ximamente por todas las plataformas.<\/p>\n<p align=\"justify\">El tema, acompa\u00f1ado de un v\u00eddeo musical, es un reggaet\u00f3n con corte rom\u00e1ntico que presenta otra faceta de esta destacada mujer, reconocida influencer de las redes con millones de seguidores y adem\u00e1s posee una academia de baile y gimnasio en uno de los puntos m\u00e1s exclusivos de su natal Barranquilla, Colombia.<\/p>\n<p align=\"justify\">Desde muy peque\u00f1a, La Valdiri gan\u00f3 y particip\u00f3 en los principales concursos de belleza, adem\u00e1s obtuvo reconocimiento mundial por sus retos virales bailando temas de R<strong>omeo Santos, Nicky Jam, Andy Rivera, Sebast\u00edan Yatra,<\/strong> entre otros.<\/p>\n<p>&nbsp;<\/p>\n","protected":false},"excerpt":{"rendered":"<p>Cuando se dio a conocer el a\u00f1o pasado el popular reto \u00ab#DuraChallenge\u00bb del artista Daddy Yankee, el nombre que sali\u00f3 a relucir fue su pionera, la bella colombiana Andrea Valdiri, quien adem\u00e1s hab\u00eda revolucionado la red con su imponente belleza y sus movimientos, ahora se lanza a la m\u00fasica con su primer sencillo \u00abViolento\u00bb bajo [&hellip;]<\/p>\n","protected":false},"author":2,"featured_media":4885,"comment_status":"closed","ping_status":"open","sticky":false,"template":"","format":"standard","meta":[],"categories":[146],"tags":[6044,6050,6046,6047,6045,6049,6048,6051],"wppr_data":[],"_links":{"self":[{"href":"https:\/\/www.notaoficial.com\/s\/wp-json\/wp\/v2\/posts\/4884"}],"collection":[{"href":"https:\/\/www.notaoficial.com\/s\/wp-json\/wp\/v2\/posts"}],"about":[{"href":"https:\/\/www.notaoficial.com\/s\/wp-json\/wp\/v2\/types\/post"}],"author":[{"embeddable":true,"href":"https:\/\/www.notaoficial.com\/s\/wp-json\/wp\/v2\/users\/2"}],"replies":[{"embeddable":true,"href":"https:\/\/www.notaoficial.com\/s\/wp-json\/wp\/v2\/comments?post=4884"}],"version-history":[{"count":1,"href":"https:\/\/www.notaoficial.com\/s\/wp-json\/wp\/v2\/posts\/4884\/revisions"}],"predecessor-version":[{"id":4886,"href":"https:\/\/www.notaoficial.com\/s\/wp-json\/wp\/v2\/posts\/4884\/revisions\/4886"}],"wp:featuredmedia":[{"embeddable":true,"href":"https:\/\/www.notaoficial.com\/s\/wp-json\/wp\/v2\/media\/4885"}],"wp:attachment":[{"href":"https:\/\/www.notaoficial.com\/s\/wp-json\/wp\/v2\/media?parent=4884"}],"wp:term":[{"taxonomy":"category","embeddable":true,"href":"https:\/\/www.notaoficial.com\/s\/wp-json\/wp\/v2\/categories?post=4884"},{"taxonomy":"post_tag","embeddable":true,"href":"https:\/\/www.notaoficial.com\/s\/wp-json\/wp\/v2\/tags?post=4884"}],"curies":[{"name":"wp","href":"https:\/\/api.w.org\/{rel}","templated":true}]}}