{"id":4907,"date":"2019-04-07T23:11:39","date_gmt":"2019-04-08T03:11:39","guid":{"rendered":"http:\/\/www.notaoficial.com\/s\/?p=4907"},"modified":"2019-04-07T17:15:01","modified_gmt":"2019-04-07T21:15:01","slug":"espacio-anna-frank-convoca-al-10-salon-nacional-de-la-coexistencia","status":"publish","type":"post","link":"https:\/\/www.notaoficial.com\/s\/2019\/04\/07\/espacio-anna-frank-convoca-al-10-salon-nacional-de-la-coexistencia\/","title":{"rendered":"Espacio Anna Frank convoca al 10\u00b0 Sal\u00f3n Nacional de la Coexistencia"},"content":{"rendered":"<p dir=\"ltr\">Se trata de una gran oportunidad para que los j\u00f3venes desarrollen su talento y creatividad. El 10\u00b0 Sal\u00f3n de la Coexistencia (SNC), es un concurso promovido por la organizaci\u00f3n sin fines de lucro,<strong>\u00a0Espacio Anna Frank,<\/strong>\u00a0que este a\u00f1o celebra en grande al arribar a su d\u00e9cima edici\u00f3n ininterrumpida, con un espacio abierto a los estudiantes y profesionales del\u00a0<strong>dise\u00f1o gr\u00e1fico, fotograf\u00eda, ilustraci\u00f3n y narrativa<\/strong>;<strong>\u00a0dirigido a venezolanos<\/strong>, mayores de edad, \u00a0radicados o no en el pa\u00eds, que participan a trav\u00e9s de una propuesta que refleje el concepto de coexistencia. El premio por cada una de las cuatro categor\u00edas es 500 d\u00f3lares y los dem\u00e1s seleccionados tendr\u00e1n premios sorpresa. Se convoca a la creaci\u00f3n de propuestas que propicien la reflexi\u00f3n y la conciencia, y que difundan valores humanos centrados en el respeto a los dem\u00e1s.<\/p>\n<p dir=\"ltr\">&#8211;Me motiva el otro, el diferente, me inspira a trabajar en equipo para Venezuela construyendo el camino de la\u00a0<strong>coexistencia<\/strong>, a trav\u00e9s de responsabilidades, de solidaridad, de valent\u00eda moral, de reconocimiento al otro y de respeto, afirma\u00a0<strong>Ilana Beker, vicepresidente de Espacio Anna Frank\u00a0<\/strong>&#8211;.Nuestro objetivo es que se reconozca la coexistencia como forma de vida, que hablemos de coexistencia en nuestros hogares, en nuestro vecindario y que se ense\u00f1e en las aulas de clase el significado profundo de la palabra, de esa manera \u201cla coexistencia\u201d aparecer\u00e1 en nuestra sociedad engranada a nuestra forma de pensar y as\u00ed no habr\u00e1 cabida para m\u00e1s discriminaciones, diferenciaciones y finalmente, injusticias.<\/p>\n<p dir=\"ltr\">La<strong>\u00a0convocatoria\u00a0<\/strong>se inici\u00f3 el pasado lunes 25 de febrero y se extender\u00e1 hasta el lunes 17 de junio de 2019, para que un jurado calificado, en cada una de las categor\u00edas, anuncie su veredicto el 26 de julio. La programaci\u00f3n de las actividades vinculadas al Sal\u00f3n, luego del per\u00edodo de recepci\u00f3n y selecci\u00f3n de las piezas recibidas, tiene su punto m\u00e1ximo en\u00a0<strong>septiembre, mes de la coexistencia,<\/strong>\u00a0\u00a0lapso durante el cual se lleva a cabo el acto de premiaci\u00f3n y la exposici\u00f3n de los carteles seleccionados en diversos lugares de Caracas y otras ciudades del pa\u00eds, totalmente gratis.<\/p>\n<p dir=\"ltr\">Las \u00a0cuatro categor\u00edas poseen un potente atractivo visual, y una fuerza emotiva que busca promover la reflexi\u00f3n y la acci\u00f3n. Las exposiciones son acompa\u00f1adas por charlas, proyecci\u00f3n de documentales y pel\u00edculas; recursos que fortalecen y dan fluidez a la trasmisi\u00f3n de los valores.<\/p>\n<p dir=\"ltr\"><strong>Promoviendo la solidaridad y el respeto<\/strong><\/p>\n<p dir=\"ltr\">El Sal\u00f3n Nacional de la Coexistencia (SNC) tiene como meta fundamental servir de espacio para la promoci\u00f3n del respeto a las diferencias, la convivencia y la responsabilidad social. Sus objetivos espec\u00edficos son: 1) Promover la solidaridad y el respeto entre nuestros semejantes, aprovechando la potencialidad de la imagen y palabra como medios de expresi\u00f3n art\u00edstica y social. 2) Sensibilizar a los participantes sobre la importancia de desarrollar propuestas que llamen a la reflexi\u00f3n y la acci\u00f3n, explorando el lado social y humano de su oficio.<\/p>\n<p dir=\"ltr\">El jurado para la categor\u00eda de\u00a0<strong>Dise\u00f1o Gr\u00e1fico<\/strong>\u00a0est\u00e1 compuesto por: Carolina Arnal, Kathiana\u00a0Cardona, H\u00e9ctor Do Nascimento, Rub\u00e9n Moreno y Yessica Silvio.\u00a0<strong>En Fotograf\u00eda<\/strong>, lo forman: Ricardo Jim\u00e9nez, Leo \u00c1lvarez, Ricardo G\u00f3mez, Sara Maneiro y Mar\u00eda Teresa Boulton. Para<strong>\u00a0Ilustraci\u00f3n:<\/strong>\u00a0Yonel Hern\u00e1ndez, Eddymir Brice\u00f1o y Humberto Valdivieso. Finalmente, para\u00a0<strong>Narrativa,<\/strong>\u00a0el jurado est\u00e1 integrado por: H\u00e9ctor Torres, Ricardo Ram\u00edrez y Diajanida Hern\u00e1ndez.<\/p>\n<p dir=\"ltr\">Durante nueve ediciones consecutivas del SNC, han participado m\u00e1s de 982 propuestas procedentes de 15 estados del pa\u00eds, Estados Unidos, Chile, Argentina y Francia, entre las cuales destacan piezas de verdadera significaci\u00f3n para los valores y principios que persigue el programa.<\/p>\n<p dir=\"ltr\">Desde<strong>\u00a0Espacio Anna Frank<\/strong>\u00a0invitamos a participar a los j\u00f3venes y profesionales en esta convocatoria que los incentiva al rescate y divulgaci\u00f3n de los valores humanos, en uso de la conciencia ciudadana y la libre expresi\u00f3n. Los concursantes podr\u00e1n participar en las diversas categor\u00edas, si as\u00ed lo quisieran. Sus propuestas deben ser in\u00e9ditas y cumplir a cabalidad con las bases del concurso, disponibles para cada categor\u00eda en la p\u00e1gina web\u00a0<a href=\"https:\/\/venezuelasinfonica.us12.list-manage.com\/track\/click?u=08a17eb35d58011ffe94d975f&amp;id=0108c4fe46&amp;e=198c866098\" target=\"_blank\" rel=\"noopener\" data-saferedirecturl=\"https:\/\/www.google.com\/url?q=https:\/\/venezuelasinfonica.us12.list-manage.com\/track\/click?u%3D08a17eb35d58011ffe94d975f%26id%3D0108c4fe46%26e%3D198c866098&amp;source=gmail&amp;ust=1554755976931000&amp;usg=AFQjCNGl69rCrQO53rBGBuV8gQv1mMbluQ\">http:\/\/www.<wbr \/>espacioannafrank.org<\/a>. Asimismo, las redes sociales oficiales del certamen ofrecer\u00e1n informaci\u00f3n durante toda la campa\u00f1a: en Facebook,\u00a0<strong>Espacio Anna Frank<\/strong>; en Twitter,\u00a0<strong>@EspacioAF\u00a0<\/strong>y en Instagram,\u00a0<strong>@espacioannafrank.<\/strong><\/p>\n","protected":false},"excerpt":{"rendered":"<p>Se trata de una gran oportunidad para que los j\u00f3venes desarrollen su talento y creatividad. El 10\u00b0 Sal\u00f3n de la Coexistencia (SNC), es un concurso promovido por la organizaci\u00f3n sin fines de lucro,\u00a0Espacio Anna Frank,\u00a0que este a\u00f1o celebra en grande al arribar a su d\u00e9cima edici\u00f3n ininterrumpida, con un espacio abierto a los estudiantes y [&hellip;]<\/p>\n","protected":false},"author":2,"featured_media":4908,"comment_status":"closed","ping_status":"open","sticky":false,"template":"","format":"standard","meta":[],"categories":[463,2],"tags":[6082,6095,6093,1921,6084,135,3571,6081,6083,6088,6091,6089,6087,6094,6085,6090,6086,6092],"wppr_data":[],"_links":{"self":[{"href":"https:\/\/www.notaoficial.com\/s\/wp-json\/wp\/v2\/posts\/4907"}],"collection":[{"href":"https:\/\/www.notaoficial.com\/s\/wp-json\/wp\/v2\/posts"}],"about":[{"href":"https:\/\/www.notaoficial.com\/s\/wp-json\/wp\/v2\/types\/post"}],"author":[{"embeddable":true,"href":"https:\/\/www.notaoficial.com\/s\/wp-json\/wp\/v2\/users\/2"}],"replies":[{"embeddable":true,"href":"https:\/\/www.notaoficial.com\/s\/wp-json\/wp\/v2\/comments?post=4907"}],"version-history":[{"count":1,"href":"https:\/\/www.notaoficial.com\/s\/wp-json\/wp\/v2\/posts\/4907\/revisions"}],"predecessor-version":[{"id":4909,"href":"https:\/\/www.notaoficial.com\/s\/wp-json\/wp\/v2\/posts\/4907\/revisions\/4909"}],"wp:featuredmedia":[{"embeddable":true,"href":"https:\/\/www.notaoficial.com\/s\/wp-json\/wp\/v2\/media\/4908"}],"wp:attachment":[{"href":"https:\/\/www.notaoficial.com\/s\/wp-json\/wp\/v2\/media?parent=4907"}],"wp:term":[{"taxonomy":"category","embeddable":true,"href":"https:\/\/www.notaoficial.com\/s\/wp-json\/wp\/v2\/categories?post=4907"},{"taxonomy":"post_tag","embeddable":true,"href":"https:\/\/www.notaoficial.com\/s\/wp-json\/wp\/v2\/tags?post=4907"}],"curies":[{"name":"wp","href":"https:\/\/api.w.org\/{rel}","templated":true}]}}