{"id":4925,"date":"2019-04-09T15:37:29","date_gmt":"2019-04-09T19:37:29","guid":{"rendered":"http:\/\/www.notaoficial.com\/s\/?p=4925"},"modified":"2019-04-09T15:37:29","modified_gmt":"2019-04-09T19:37:29","slug":"el-kanka-despide-la-gira-el-arte-de-saltar-con-cuatro-sold-outs-consecutivos","status":"publish","type":"post","link":"https:\/\/www.notaoficial.com\/s\/2019\/04\/09\/el-kanka-despide-la-gira-el-arte-de-saltar-con-cuatro-sold-outs-consecutivos\/","title":{"rendered":"El Kanka despide la gira El arte de saltar con cuatro sold outs consecutivos"},"content":{"rendered":"<p>El Kanka ha tenido mucho que celebrar en poco tiempo. Hace unas semanas se cumpl\u00eda un a\u00f1o desde la publicaci\u00f3n de El arte de saltar (A Volar Music, el sello del propio artista y con el que encabez\u00f3 las listas de ventas en f\u00edsico y digital) de El Kanka y se editaba la edici\u00f3n Deluxe con once versiones ac\u00fasticas en v\u00eddeo de los temas del disco con un sonido diferente y colaboraciones especiales como la de Juanito Makand\u00e9, Amparanoia, Ant\u00edlopez o Las Migas. Y este fin de semana, el artista malague\u00f1o ha despedido el Tour El Arte de Saltar con cuatro fechas consecutivas &#8211; las cuatro sold out- en Canarias, dos en San Crist\u00f3bal de La Laguna, una en Las Palmas y una en Lanzarote.<\/p>\n<p>Lo de vender todas las entradas es algo que se ha venido repitiendo en la gira de El Kanka. Y los n\u00fameros lo dicen todo: 80 conciertos ofrecidos (12 de ellos en el extranjero y 13 en festivales) y 49 sold outs. Es momento de hacer un repaso a lo que ha significado este a\u00f1o en la carretera. En abril de 2018 comenzaba el tour en Murcia con todas las localidades vendidas, y desde ese d\u00eda, El Kanka ha conseguido grandes hitos como llenar dos noches seguidas la sala Barts de Barcelona dentro del Guitar Festival; abarrotar la Sala La Riviera de Madrid por segundo a\u00f1o consecutivo; agotar los tickets para todas sus citas dentro del ciclo Live The Roof; encabezar los carteles de festivales como el Sue\u00f1os de Libertad, Interestelar, Arenal Sound o Granada Sound; demostrar que en Latinoam\u00e9rica tiene un ej\u00e9rcito de seguidores que no dejaron entradas ni en M\u00e9xico, ni en Montevideo, ni en Costa Rica; y actuar en Londres y Dubl\u00edn ante miles de espa\u00f1oles expatriados gracias a Rock Sin Subt\u00edtulos.<\/p>\n<p>Ahora a El Kanka le queda una \u00fanica actuaci\u00f3n en Espa\u00f1a dentro del festival Vi\u00f1a Rock donde se le ha anunciado como cabeza de cartel y ofrecer\u00e1 un concierto muy especial en homenaje a este a\u00f1o de El arte de saltar; y despu\u00e9s se embarcar\u00e1 en la gira El arte de saltar el charco con citas en Argentina, Chile, Ecuador, Colombia y M\u00e9xico.<\/p>\n<p>Y como El Kanka es un artista inquieto que nunca para, pr\u00f3ximamente anunciar\u00e1 nuevas sorpresas.<br \/>\nRESUMEN DE EL ARTE DE SALTAR TOUR 2018 &#8211; 2019<br \/>\n\u200b<br \/>\n25 marzo 13.00h \u2013 Ciudad de M\u00e9xico \u2013 Foro del Tejedor SOLD OUT<br \/>\n25 marzo 20.00h \u2013 Ciudad de M\u00e9xico \u2013 Foro del Tejedor SOLD OUT<br \/>\n4 abril &#8211; Murcia &#8211; Fiestas de la Primavera (Teatro Circo) SOLD OUT<br \/>\n12 abril &#8211; Barcelona &#8211; Guitar Festival, Sala Barts SOLD OUT<br \/>\n13 abril &#8211; Barcelona &#8211; Guitar Festival, Sala Barts SOLD OUT<br \/>\n14 abril &#8211; Valencia &#8211; Sala Moon SOLD OUT<br \/>\n15 abril &#8211; Toledo &#8211; C\u00edrculo de arte de Toledo SOLD OUT<br \/>\n20 abril &#8211; Jaen &#8211; Sala Kharma SOLD OUT<br \/>\n21 abril &#8211; Alicante &#8211; The One<br \/>\n5 mayo &#8211; C\u00f3rdoba &#8211; Sala M100 SOLD OUT<br \/>\n9 mayo &#8211; Huelva &#8211; Cantero Rock &#8211; Cocheras del puerto SOLD OUT<br \/>\n11 mayo &#8211; Castell\u00f3n &#8211; Sala Opal<br \/>\n18 mayo &#8211; Ibiza &#8211; Sue\u00f1os de libertad<br \/>\n19 mayo &#8211; Sevilla &#8211; Festival Interestelar<br \/>\n26 mayo &#8211; Madrid &#8211; Sala La Riviera SOLD OUT<br \/>\n1 junio &#8211; Valladolid &#8211; Sala Blanca SOLD OUT<br \/>\n7 junio &#8211; Buenos Aires &#8211; Niceto Club<br \/>\n9 junio &#8211; Montevideo &#8211; La Trastienda SOLD OUT<br \/>\n10 junio &#8211; Montevideo &#8211; La Trastienda<br \/>\n14 junio &#8211; Bucaramanga &#8211; Auditorio Neomundo<br \/>\n15 junio &#8211; Medell\u00edn &#8211; Teatro Pablo Tob\u00f3n SOLD OUT<br \/>\n16 junio &#8211; Bogot\u00e1 &#8211; Teatro Cafam de Bellas Artes SOLD OUT<br \/>\n22 junio &#8211; Coru\u00f1a &#8211; Sala Playa Club SOLD OUT<br \/>\n23 junio &#8211; Bilbao &#8211; Kafe Antzokia SOLD OUT<br \/>\n2 julio &#8211; Cuenca &#8211; VII Edici\u00f3n Estival Cuenca<br \/>\n5 julio &#8211; Torre del Mar &#8211; Festival Weekend Beach<br \/>\n6 julio &#8211; Sagunto &#8211; Music Port Fest<br \/>\n12 julio &#8211; Zaragoza &#8211; Live the Roof SOLD OUT<br \/>\n31 julio. 1,2,3 y 4 agosto &#8211; Burriana &#8211; Festival Arenal Sound<br \/>\n1 agosto &#8211; Valencia &#8211; Live the Roof SOLD OUT<br \/>\n3 agosto &#8211; Alicante &#8211; Live the Roof SOLD OUT<br \/>\n12 agosto &#8211; Vilanova i la Geltru &#8211; La Daurada Beach Club<br \/>\n13 agosto &#8211; Girona &#8211; Festival de la Porta Ferrada<br \/>\n16 agosto &#8211; Madrid &#8211; Live The Roof SOLD OUT<br \/>\n17 agosto . Murcia &#8211; Live the Roof SOLD OUT<br \/>\n18 agosto &#8211; Villena &#8211; Rabolagartija Festival<br \/>\n23 agosto &#8211; Chiclana de la Frontera &#8211; Festival Sancti Petri<br \/>\n25 agosto &#8211; C\u00e1diz &#8211; Live the Roof SOLD OUT<br \/>\n26 agosto &#8211; Sevilla &#8211; Live the Roof SOLD OUT<br \/>\n30, 31 agosto &#8211; Guadalajara &#8211; Festival Gigante<br \/>\n1 septiembre &#8211; Gij\u00f3n &#8211; Mephis Music Alive SOLD OUT<br \/>\n15 septiembre &#8211; Zaragoza &#8211; Sala Las Armas SOLD OUT<br \/>\n16 septiembre &#8211; Barcelona &#8211; Live the Roof SOLD OUT<br \/>\n20 septiembre &#8211; M\u00e1laga &#8211; Gira en Kasas SOLD OUT<br \/>\n22 septiembre &#8211; Granada &#8211; Granada Sound<br \/>\n23 septiembre &#8211; Barcelona &#8211; Festes de la Merc\u00e9<br \/>\n28 septiembre &#8211; Dubl\u00edn &#8211; Rock Sin Subt\u00edtulos, The Button Factory<br \/>\n29 septiembre &#8211; Londres &#8211; Rock Sin Subt\u00edtulos, Sala Scala<br \/>\n4 octubre &#8211; Le\u00f3n &#8211; Sala Gran Caf\u00e9 SOLD OUT<br \/>\n5 octubre &#8211; Le\u00f3n &#8211; Sala Gran Caf\u00e9 SOLD OUT<br \/>\n6 octubre &#8211; Navarra &#8211; Casa Cultura de Burlada<br \/>\n12-13 octubre &#8211; Zahara de la Sierra &#8211; Sierrasur ECO Festival<br \/>\n12 octubre &#8211; Benalm\u00e1dena &#8211; Benalfest 2018<br \/>\n19 octubre \u2013 Santander \u2013 Sala Cantabria SOLD OUT<br \/>\n20 octubre \u2013 Burgos \u2013 La Rua SOLD OUT<br \/>\n21 octubre &#8211; Zaragoza &#8211; M\u00fasica por el c\u00e1ncer infantil<br \/>\n26 octubre &#8211; Vigo &#8211; Master Club SOLD OUT<br \/>\n27 octubre &#8211; Santiago de Compostela &#8211; Capitol<br \/>\n3 noviembre &#8211; Matar\u00f3 &#8211; Teatre Monumental SOLD OUT<br \/>\n4 noviembre &#8211; Rub\u00ed &#8211; Teatre Municipal La Sala<br \/>\n10 noviembre &#8211; C\u00e1ceres &#8211; Gran Teatro C\u00e1ceres SOLD OUT<br \/>\n16 noviembre &#8211; Logro\u00f1o &#8211; Rioja Forum<br \/>\n18 noviembre &#8211; Mallorca &#8211; Trui Teatre<br \/>\n23 noviembre &#8211; San Sebasti\u00e1n &#8211; Kursaal SOLD OUT<br \/>\n24 noviembre &#8211; Viladecans &#8211; Atrium<br \/>\n30 noviembre &#8211; Almer\u00eda &#8211; Teatro Cervantes SOLD OUT<br \/>\n1 diciembre &#8211; Lorca &#8211; Teatro Guerra SOLD OUT<br \/>\n6 diciembre &#8211; Burgos &#8211; Ciclo Jueves Ac\u00fasticos SOLD OUT<br \/>\n14 diciembre &#8211; Zamora &#8211; Teatro Ram\u00f3n Carri\u00f3n<br \/>\n15 de Diciembre. &#8211; Salamanca &#8211; Palacio de Congresos Castilla y Le\u00f3n<br \/>\n21 diciembre &#8211; C\u00e1diz &#8211; Momart SOLD OUT<br \/>\n18 enero &#8211; Oviedo &#8211; Sala La Salvaje SOLD OUT<br \/>\n19 enero &#8211; Vitoria &#8211; Sala Jimmy Jazz SOLD OUT<br \/>\n2 febrero &#8211; San Jos\u00e9 (Costa Rica) &#8211; Jazz Caf\u00e9 SOLD OUT<br \/>\n22 febrero &#8211; Granada &#8211; Palacio de Congresos SOLD OUT<br \/>\n9 marzo &#8211; Badajoz &#8211; Teatro L\u00f3pez de Ayala SOLD OUT<br \/>\n28 marzo &#8211; San Crist\u00f3bal de La Laguna &#8211; Aguere Espacio Cultural SOLD OUT<br \/>\n29 marzo &#8211; San Crist\u00f3bal de La Laguna &#8211; Aguere Espacio Cultural SOLD OUT<br \/>\n30 marzo &#8211; Las Palmas de Gran Canaria &#8211; Auditorio Alfredo Kraus SOLD OUT<br \/>\n31 marzo &#8211; Lanzarote &#8211; Sonidos L\u00edquidos SOLD OUT<\/p>\n<p>\u00daLTIMA ACTUACI\u00d3N DE EL ARTE DE SALTAR<\/p>\n<p>2, 3, 4 mayo 2019 &#8211; Villarrobledo &#8211; Vi\u00f1a Rock<\/p>\n<p>GIRA EL ARTE DE SALTAR EL CHARCO 2019<\/p>\n<p>1 junio &#8211; C\u00f3rdoba (Argentina) &#8211; Studio Theater<br \/>\n2 junio &#8211; Rosario (Argentina) &#8211; Gran Sal\u00f3n Plataforma Lavard\u00e9n<br \/>\n4 junio &#8211; Buenos Aires &#8211; Niceto Club<br \/>\n6 junio &#8211; Santiago de Chile &#8211; Teatro Nescaf\u00e9 de las artes<br \/>\n8 junio &#8211; Lima &#8211; Auditorio Colegio Santa Rosa<br \/>\n9 junio &#8211; Arequipa &#8211; El Quinque<br \/>\n14 junio &#8211; Cuenca (Ecuador) &#8211; Club Hangover<br \/>\n21 junio &#8211; Bogot\u00e1 &#8211; Teatro ABC<br \/>\n22 junio &#8211; Medell\u00edn &#8211; Teatro Universidad CES<br \/>\n28 junio &#8211; M\u00e9xico &#8211; El Plaza Condesa<\/p>\n","protected":false},"excerpt":{"rendered":"<p>El Kanka ha tenido mucho que celebrar en poco tiempo. Hace unas semanas se cumpl\u00eda un a\u00f1o desde la publicaci\u00f3n de El arte de saltar (A Volar Music, el sello del propio artista y con el que encabez\u00f3 las listas de ventas en f\u00edsico y digital) de El Kanka y se editaba la edici\u00f3n Deluxe [&hellip;]<\/p>\n","protected":false},"author":2,"featured_media":4926,"comment_status":"closed","ping_status":"open","sticky":false,"template":"","format":"standard","meta":[],"categories":[146],"tags":[6109,6110,4054,4743,6111],"wppr_data":[],"_links":{"self":[{"href":"https:\/\/www.notaoficial.com\/s\/wp-json\/wp\/v2\/posts\/4925"}],"collection":[{"href":"https:\/\/www.notaoficial.com\/s\/wp-json\/wp\/v2\/posts"}],"about":[{"href":"https:\/\/www.notaoficial.com\/s\/wp-json\/wp\/v2\/types\/post"}],"author":[{"embeddable":true,"href":"https:\/\/www.notaoficial.com\/s\/wp-json\/wp\/v2\/users\/2"}],"replies":[{"embeddable":true,"href":"https:\/\/www.notaoficial.com\/s\/wp-json\/wp\/v2\/comments?post=4925"}],"version-history":[{"count":1,"href":"https:\/\/www.notaoficial.com\/s\/wp-json\/wp\/v2\/posts\/4925\/revisions"}],"predecessor-version":[{"id":4927,"href":"https:\/\/www.notaoficial.com\/s\/wp-json\/wp\/v2\/posts\/4925\/revisions\/4927"}],"wp:featuredmedia":[{"embeddable":true,"href":"https:\/\/www.notaoficial.com\/s\/wp-json\/wp\/v2\/media\/4926"}],"wp:attachment":[{"href":"https:\/\/www.notaoficial.com\/s\/wp-json\/wp\/v2\/media?parent=4925"}],"wp:term":[{"taxonomy":"category","embeddable":true,"href":"https:\/\/www.notaoficial.com\/s\/wp-json\/wp\/v2\/categories?post=4925"},{"taxonomy":"post_tag","embeddable":true,"href":"https:\/\/www.notaoficial.com\/s\/wp-json\/wp\/v2\/tags?post=4925"}],"curies":[{"name":"wp","href":"https:\/\/api.w.org\/{rel}","templated":true}]}}