{"id":4928,"date":"2019-04-09T16:37:47","date_gmt":"2019-04-09T20:37:47","guid":{"rendered":"http:\/\/www.notaoficial.com\/s\/?p=4928"},"modified":"2019-04-09T15:41:49","modified_gmt":"2019-04-09T19:41:49","slug":"ebri-knight-publica-su-nuevo-ep-la-voz-dormida","status":"publish","type":"post","link":"https:\/\/www.notaoficial.com\/s\/2019\/04\/09\/ebri-knight-publica-su-nuevo-ep-la-voz-dormida\/","title":{"rendered":"EBRI KNIGHT publica su nuevo EP \u00abLa Voz Dormida\u00bb"},"content":{"rendered":"<p class=\"m_658507853408618504MsoNoSpacing\" align=\"justify\"><span style=\"font-size: small;\"><b>Ebri Knight<\/b> homenajea los <b>80 a\u00f1os<\/b> de la derrota del bando republicano en la <b>Guerra Civil<\/b> con la publicaci\u00f3n de un EP de cuatro canciones: <b>\u201cLa Voz Dormida\u201d<\/b>. Es un trabajo que reivindica al bando perdedor y la necesidad de preservar la memoria. Recuerda el olvido al que se conden\u00f3 a miles de personas, as\u00ed como los ideales pol\u00edticos que el franquismo destruy\u00f3: el republicanismo, el mundo libertario, la lucha obrera\u2026 Estas son sus canciones:<\/span><\/p>\n<p class=\"m_658507853408618504MsoNoSpacing\" align=\"justify\">\n<span style=\"font-size: small;\"><b>\u201c1939\u201d<\/b> es la introducci\u00f3n y contextualiza el EP, cantando \u201cOchenta inviernos pasaron y otros miles pasar\u00e1n\u201d. Hace referencia a los 80 a\u00f1os de silencio y olvido que han pasado desde el final de la guerra, durante los que no se ha reparado el genocidio ideol\u00f3gico perpetrado por Franco y despu\u00e9s de los cuales a\u00fan hay cuerpos por desenterrar de las cunetas.<\/span><\/p>\n<p class=\"m_658507853408618504MsoNoSpacing\" align=\"justify\">\n<span style=\"font-size: small;\"><b>\u201cLa Voz Dormida\u201d<\/b> es el single hom\u00f3nimo, acompa\u00f1ado de videoclip y tambi\u00e9n est\u00e1 cantado en castellano. El texto est\u00e1 inspirado en el universo po\u00e9tico de Miguel Hern\u00e1ndez, Garc\u00eda Lorca, Octavio Paz\u2026 Por este motivo es en castellano y es tambi\u00e9n un homenaje a toda esa generaci\u00f3n de poetas, muchos de ellos exiliados, represaliados o fusilados.<\/span><\/p>\n<p class=\"m_658507853408618504MsoNoSpacing\" align=\"justify\">\n<span style=\"font-size: small;\"><b>\u201cCanci\u00f3n del Frente Unido\u201d<\/b>, adaptaci\u00f3n de una canci\u00f3n popular hom\u00f3nima que, a su vez, es una adaptaci\u00f3n que hizo Ernst Busch de Einheitsfrontlied, un himno hist\u00f3rico de la izquierda alemana que compusieron Bertolt Brecht y Hanns Eislet en 1934. La canci\u00f3n original era en alem\u00e1n, pero cuando Ernst Busch se uni\u00f3 a las Brigadas Internacionales en 1937 la adapt\u00f3 a cuatro idiomas: castellano, ingl\u00e9s, franc\u00e9s y alem\u00e1n. Es tambi\u00e9n para Ebri Knight un canto al internacionalismo y el antifascismo, cuya adaptaci\u00f3n cantan ellos con las cuatro lenguas principales del Estado espa\u00f1ol: el catal\u00e1n, el gallego (con <b>Dakidarr\u00eda<\/b>), el castellano (con <b>Mafalda<\/b>) y el euskera (<b>Huntza<\/b>).<\/span><\/p>\n<p class=\"m_658507853408618504MsoNoSpacing\" align=\"justify\">\n<span style=\"font-size: small;\"><b>\u201cEl Partisano\u201d<\/b> es una adaptaci\u00f3n libre de The Partisan de Leonard Cohen. \u00c9sta es adem\u00e1s una versi\u00f3n de una canci\u00f3n de la resistencia francesa llamada La Complainte du Partisan. La adaptaci\u00f3n est\u00e1 realizada pensando tanto en la realidad de los maquis como en el exilio. Es en catal\u00e1n y colabora <b>Gemma Humet<\/b>.<\/span><\/p>\n<p>&nbsp;<\/p>\n","protected":false},"excerpt":{"rendered":"<p>Ebri Knight homenajea los 80 a\u00f1os de la derrota del bando republicano en la Guerra Civil con la publicaci\u00f3n de un EP de cuatro canciones: \u201cLa Voz Dormida\u201d. Es un trabajo que reivindica al bando perdedor y la necesidad de preservar la memoria. Recuerda el olvido al que se conden\u00f3 a miles de personas, as\u00ed [&hellip;]<\/p>\n","protected":false},"author":2,"featured_media":4929,"comment_status":"closed","ping_status":"open","sticky":false,"template":"","format":"standard","meta":[],"categories":[146],"tags":[6114,6043,6113,6115,6112],"wppr_data":[],"_links":{"self":[{"href":"https:\/\/www.notaoficial.com\/s\/wp-json\/wp\/v2\/posts\/4928"}],"collection":[{"href":"https:\/\/www.notaoficial.com\/s\/wp-json\/wp\/v2\/posts"}],"about":[{"href":"https:\/\/www.notaoficial.com\/s\/wp-json\/wp\/v2\/types\/post"}],"author":[{"embeddable":true,"href":"https:\/\/www.notaoficial.com\/s\/wp-json\/wp\/v2\/users\/2"}],"replies":[{"embeddable":true,"href":"https:\/\/www.notaoficial.com\/s\/wp-json\/wp\/v2\/comments?post=4928"}],"version-history":[{"count":1,"href":"https:\/\/www.notaoficial.com\/s\/wp-json\/wp\/v2\/posts\/4928\/revisions"}],"predecessor-version":[{"id":4930,"href":"https:\/\/www.notaoficial.com\/s\/wp-json\/wp\/v2\/posts\/4928\/revisions\/4930"}],"wp:featuredmedia":[{"embeddable":true,"href":"https:\/\/www.notaoficial.com\/s\/wp-json\/wp\/v2\/media\/4929"}],"wp:attachment":[{"href":"https:\/\/www.notaoficial.com\/s\/wp-json\/wp\/v2\/media?parent=4928"}],"wp:term":[{"taxonomy":"category","embeddable":true,"href":"https:\/\/www.notaoficial.com\/s\/wp-json\/wp\/v2\/categories?post=4928"},{"taxonomy":"post_tag","embeddable":true,"href":"https:\/\/www.notaoficial.com\/s\/wp-json\/wp\/v2\/tags?post=4928"}],"curies":[{"name":"wp","href":"https:\/\/api.w.org\/{rel}","templated":true}]}}