{"id":4949,"date":"2019-04-10T20:46:12","date_gmt":"2019-04-11T00:46:12","guid":{"rendered":"http:\/\/www.notaoficial.com\/s\/?p=4949"},"modified":"2019-04-10T11:53:12","modified_gmt":"2019-04-10T15:53:12","slug":"el-sol-y-los-citricos-una-combinacion-peligrosa","status":"publish","type":"post","link":"https:\/\/www.notaoficial.com\/s\/2019\/04\/10\/el-sol-y-los-citricos-una-combinacion-peligrosa\/","title":{"rendered":"El sol y los citricos: una combinaci\u00f3n peligrosa"},"content":{"rendered":"<p>La combinaci\u00f3n de sustancias qu\u00edmicas presentes en algunas plantas o alimentos c\u00edtricos y la exposici\u00f3n al sol, puede dar lugar a la aparici\u00f3n de manchas o lesiones en la piel, ocasionadas por una reacci\u00f3n al\u00e9rgica e inflamatoria conocida como fitofotodermatosis o dermatosis de Berloque.<\/p>\n<p>Esta condici\u00f3n es relativamente frecuente en personas que realizan ocupaciones o actividades al aire libre, que implican el contacto con agentes fotot\u00f3xicos, denominados furocumarinas, presentes naturalmente en ciertas matas, vegetales y frutas\u00a0 como: lima, lim\u00f3n, naranja, apio, higo, perejil y chiriv\u00eda, e inducidos por la radiaci\u00f3n solar.<\/p>\n<p>As\u00ed lo se\u00f1al\u00f3 la doctora Adriana Guerra, m\u00e9dico dermat\u00f3logo de la Unidad Ancapelli que funciona en el Grupo M\u00e9dico Santa Paula (GMSP), quien explic\u00f3 que cualquier individuo puede verse afectado, pero los m\u00e1s propensos son los cantineros, cocineros que preparan ensaladas, jardineros y pacientes que reciben fotoquimioterapia t\u00f3pica con psolarenos.<\/p>\n<p>\u201cLos s\u00edntomas suelen producirse horas despu\u00e9s de la exposici\u00f3n al agente fotot\u00f3xico y a la luz. El paciente manifiesta sensaci\u00f3n de ardor y picaz\u00f3n en \u00e1reas expuestas como la frente, nariz, \u00a0la V del cuello y dorso de las manos. Luego, desarrolla m\u00e1culas hiperpigmentadas irregulares (manchas) en las zonas afectadas que pueden persistir por un tiempo variable\u201d, explic\u00f3.<\/p>\n<p>La fitofotodermatosis no distingue tipo de piel y dada sus caracter\u00edsticas suele incomodar a quien la tiene, por lo que generalmente el dermat\u00f3logo indica evitar todo aquello que pueda aumentar la irritaci\u00f3n. \u201cSe trata con emolientes, glucocorticoides t\u00f3picos en algunos casos -incluso en la etapa aguda-, adem\u00e1s de antiinflamatorios o el uso de compresas fr\u00edas\u201d, indic\u00f3 Guerra.<\/p>\n<p>La fotoprotecci\u00f3n es fundamental para prevenir esta dermatosis, por lo que la doctora recomend\u00f3 el uso apropiado de protectores solares, adem\u00e1s de los cuidados pertinentes a la hora de manipular cualquiera de las sustancias se\u00f1aladas mientras se est\u00e1 expuesto a la luz del sol. \u201cTal es el caso del uso de lim\u00f3n en la playa mientras se preparan bebidas o alimentos con esta fruta\u201d, coment\u00f3.<\/p>\n<p>La Unidad dermatol\u00f3gica del Grupo M\u00e9dico Santa Paula, perteneciente al Grupo Keralty, \u00a0ubicado en la urbanizaci\u00f3n del mismo nombre, en el Municipio Baruta, cuenta con especialistas altamente capacitados para asistir este tipo de problemas y otras patolog\u00edas de la piel, garantizando buenos resultados.<\/p>\n<p>La cl\u00ednica dispone tambi\u00e9n de equipos tecnol\u00f3gicos de vanguardia para la realizaci\u00f3n de ex\u00e1menes cut\u00e1neos que permiten profundizar en los diagn\u00f3sticos y tratar a los pacientes de la mejor manera.<\/p>\n<p>Adicionalmente, este complejo de salud que se levanta en un \u00e1rea de 50.000 metros cuadrados, en una infraestructura c\u00f3moda y segura, dispone de habitaciones dise\u00f1adas para realizar el parto humanizado y la lactancia materna, \u00e1reas\u00a0 de imagen, laboratorio y anatom\u00eda patol\u00f3gica, farmacia, espacios para la realizaci\u00f3n de eventos m\u00e9dicos y cient\u00edficos, un cafet\u00edn y un estacionamiento con m\u00e1s de 500 puestos.<\/p>\n","protected":false},"excerpt":{"rendered":"<p>La combinaci\u00f3n de sustancias qu\u00edmicas presentes en algunas plantas o alimentos c\u00edtricos y la exposici\u00f3n al sol, puede dar lugar a la aparici\u00f3n de manchas o lesiones en la piel, ocasionadas por una reacci\u00f3n al\u00e9rgica e inflamatoria conocida como fitofotodermatosis o dermatosis de Berloque. Esta condici\u00f3n es relativamente frecuente en personas que realizan ocupaciones o [&hellip;]<\/p>\n","protected":false},"author":2,"featured_media":4950,"comment_status":"closed","ping_status":"open","sticky":false,"template":"","format":"standard","meta":[],"categories":[93,1853,2],"tags":[6153,533],"wppr_data":[],"_links":{"self":[{"href":"https:\/\/www.notaoficial.com\/s\/wp-json\/wp\/v2\/posts\/4949"}],"collection":[{"href":"https:\/\/www.notaoficial.com\/s\/wp-json\/wp\/v2\/posts"}],"about":[{"href":"https:\/\/www.notaoficial.com\/s\/wp-json\/wp\/v2\/types\/post"}],"author":[{"embeddable":true,"href":"https:\/\/www.notaoficial.com\/s\/wp-json\/wp\/v2\/users\/2"}],"replies":[{"embeddable":true,"href":"https:\/\/www.notaoficial.com\/s\/wp-json\/wp\/v2\/comments?post=4949"}],"version-history":[{"count":1,"href":"https:\/\/www.notaoficial.com\/s\/wp-json\/wp\/v2\/posts\/4949\/revisions"}],"predecessor-version":[{"id":4951,"href":"https:\/\/www.notaoficial.com\/s\/wp-json\/wp\/v2\/posts\/4949\/revisions\/4951"}],"wp:featuredmedia":[{"embeddable":true,"href":"https:\/\/www.notaoficial.com\/s\/wp-json\/wp\/v2\/media\/4950"}],"wp:attachment":[{"href":"https:\/\/www.notaoficial.com\/s\/wp-json\/wp\/v2\/media?parent=4949"}],"wp:term":[{"taxonomy":"category","embeddable":true,"href":"https:\/\/www.notaoficial.com\/s\/wp-json\/wp\/v2\/categories?post=4949"},{"taxonomy":"post_tag","embeddable":true,"href":"https:\/\/www.notaoficial.com\/s\/wp-json\/wp\/v2\/tags?post=4949"}],"curies":[{"name":"wp","href":"https:\/\/api.w.org\/{rel}","templated":true}]}}