{"id":4952,"date":"2019-04-10T22:54:03","date_gmt":"2019-04-11T02:54:03","guid":{"rendered":"http:\/\/www.notaoficial.com\/s\/?p=4952"},"modified":"2019-04-10T11:57:14","modified_gmt":"2019-04-10T15:57:14","slug":"presentamos-el-primer-single-the-black-neons-dont-run","status":"publish","type":"post","link":"https:\/\/www.notaoficial.com\/s\/2019\/04\/10\/presentamos-el-primer-single-the-black-neons-dont-run\/","title":{"rendered":"Presentamos el primer single The Black Neons \u00abDon\u00b4t Run\u00bb"},"content":{"rendered":"<div><strong>The Black Neons (TBN)<\/strong> es un grupo musical con base en Madrid, Espa\u00f1a. Formado por Jorge Rodriguez (Voz principal), Franz Neuenschwander (Bajo), Javier Lander (Guitarra), Carlos Garc\u00eda (Bater\u00eda &amp; Voz), juntos crean una amalgama sonora con influencias muy marcadas del rock y pop anglosaj\u00f3n. Todo esto es muy bonito, pero lo que hay que decir que esro es la conjunci\u00f3n de dos pedazo de bandas que marcaron influencia, Jack\u00b4n\u00b4Lies y Aeropl\u00e1stica, lo mejor de dos grupazos creando un proyecto nuevo.<\/div>\n<div><strong>The Black Neons<\/strong>, presentan una propuesta musical distinta, con matices rock, folk y dance, defini\u00e9ndose por sonidos crudos de guitarras, una base r\u00edtmica contundente y melod\u00edas pegadizas,\u00a0 ingredientes perfectos que nos presentan en este nuevo proyecto.<\/div>\n<div><\/div>\n<div>\n<div><strong>The Black Neons<\/strong>, nos traen un 2019 cargado de lanzamientos y presentaciones, comenzando con el primer single (Don\u00b4t Run \u2013 A New Label Records \u2013 Abril 2019), un abreboca de su propuesta musical, un himno nost\u00e1lgico a la fiesta, a la noche y al narcicismo nocturno,\u00a0 as\u00ed como\u00a0 presentaciones en directo por toda la geograf\u00eda Espa\u00f1ola con fechas confirmadas en ciudades como: Madrid, Gand\u00eda, Pedreguer, Salamanca, y otros.<\/div>\n<div><\/div>\n<\/div>\n<div><\/div>\n","protected":false},"excerpt":{"rendered":"<p>The Black Neons (TBN) es un grupo musical con base en Madrid, Espa\u00f1a. Formado por Jorge Rodriguez (Voz principal), Franz Neuenschwander (Bajo), Javier Lander (Guitarra), Carlos Garc\u00eda (Bater\u00eda &amp; Voz), juntos crean una amalgama sonora con influencias muy marcadas del rock y pop anglosaj\u00f3n. Todo esto es muy bonito, pero lo que hay que decir [&hellip;]<\/p>\n","protected":false},"author":2,"featured_media":4953,"comment_status":"closed","ping_status":"open","sticky":false,"template":"","format":"standard","meta":[],"categories":[146],"tags":[6159,2139,6156,6158,6157,6155,6154],"wppr_data":[],"_links":{"self":[{"href":"https:\/\/www.notaoficial.com\/s\/wp-json\/wp\/v2\/posts\/4952"}],"collection":[{"href":"https:\/\/www.notaoficial.com\/s\/wp-json\/wp\/v2\/posts"}],"about":[{"href":"https:\/\/www.notaoficial.com\/s\/wp-json\/wp\/v2\/types\/post"}],"author":[{"embeddable":true,"href":"https:\/\/www.notaoficial.com\/s\/wp-json\/wp\/v2\/users\/2"}],"replies":[{"embeddable":true,"href":"https:\/\/www.notaoficial.com\/s\/wp-json\/wp\/v2\/comments?post=4952"}],"version-history":[{"count":2,"href":"https:\/\/www.notaoficial.com\/s\/wp-json\/wp\/v2\/posts\/4952\/revisions"}],"predecessor-version":[{"id":4955,"href":"https:\/\/www.notaoficial.com\/s\/wp-json\/wp\/v2\/posts\/4952\/revisions\/4955"}],"wp:featuredmedia":[{"embeddable":true,"href":"https:\/\/www.notaoficial.com\/s\/wp-json\/wp\/v2\/media\/4953"}],"wp:attachment":[{"href":"https:\/\/www.notaoficial.com\/s\/wp-json\/wp\/v2\/media?parent=4952"}],"wp:term":[{"taxonomy":"category","embeddable":true,"href":"https:\/\/www.notaoficial.com\/s\/wp-json\/wp\/v2\/categories?post=4952"},{"taxonomy":"post_tag","embeddable":true,"href":"https:\/\/www.notaoficial.com\/s\/wp-json\/wp\/v2\/tags?post=4952"}],"curies":[{"name":"wp","href":"https:\/\/api.w.org\/{rel}","templated":true}]}}