{"id":4966,"date":"2019-04-11T15:17:41","date_gmt":"2019-04-11T19:17:41","guid":{"rendered":"http:\/\/www.notaoficial.com\/s\/?p=4966"},"modified":"2019-04-11T10:25:16","modified_gmt":"2019-04-11T14:25:16","slug":"cnn-en-espanol-presenta-el-proyecto-ser-humano","status":"publish","type":"post","link":"https:\/\/www.notaoficial.com\/s\/2019\/04\/11\/cnn-en-espanol-presenta-el-proyecto-ser-humano\/","title":{"rendered":"CNN en Espa\u00f1ol presenta el Proyecto Ser Humano"},"content":{"rendered":"<p>Este mes, <b>CNN en Espa\u00f1ol<\/b> debutar\u00e1 la campa\u00f1a <b>Proyecto Ser Humano, <\/b>una iniciativa que la cadena de noticias tomar\u00e1 como bandera en 2019, con la finalidad de crear conciencia sobre la problem\u00e1tica de la discriminaci\u00f3n a nivel mundial, y destacar los esfuerzos realizados por individuos, organizaciones, gobiernos y empresas para eliminarla.<\/p>\n<p>A trav\u00e9s de programaci\u00f3n especial, reportajes diarios, entrevistas y contenido especial en todas las plataformas de la cadena, <b>CNN en Espa\u00f1ol<\/b> buscar\u00e1 combatir los estereotipos, sesgos y conductas que llevan al asalto de la dignidad humana que constituye la discriminaci\u00f3n.<\/p>\n<p>La cadena dar\u00e1 inicio a esta iniciativa el <b>domingo 7 de abril <\/b>a las <b>8:00 p.m.<\/b> (Miami) con un programa especial conducido por <b>Juan Carlos L\u00f3pe<\/b>z, director de cobertura pol\u00edtica estadounidense y presentador de <i>DirectoUSA<\/i> y <i>Choque de Opiniones<\/i>; y la presentadora de <i>Panorama Mundial<\/i>, <b>Maria Alejandra Requena<\/b>.<\/p>\n<p>El programa especial retratar\u00e1 las vivencias y los sesgos conscientes e inconscientes que experimentaron los primeros l\u00edderes en unirse a la campa\u00f1a, que incluyen:<\/p>\n<ul>\n<li><b>Emilio Estefan<\/b>, productor de m\u00fasica, televisi\u00f3n y cine de renombre mundial que ha sido fundamental para dar forma, desarrollar y dirigir las carreras de su esposa superestrella, Gloria, as\u00ed como a Shakira, Ricky Martin, Jennifer L\u00f3pez, Marc Anthony y Jon Secada, entre muchos otros.<\/li>\n<li><b>Modesto Lac\u00e9n<\/b>, actor puertorrique\u00f1o que ha aparecido en pel\u00edculas y telenovelas tanto de Estados Unidos como de Am\u00e9rica Latina.<\/li>\n<li><b>Reyna Grande<\/b>, autora mexicoamericana y ganadora del Premio Luis Leal 2015 por distinci\u00f3n en literatura chicana \/ latina.<\/li>\n<li><b>Francis Su\u00e1rez<\/b>, un abogado y pol\u00edtico estadounidense que act\u00faa como el 33\u00ba alcalde de Miami.<\/li>\n<li><b>Eduardo J. Padr\u00f3n<\/b>, Ph.D., un estadounidense por elecci\u00f3n, lleg\u00f3 a los Estados Unidos como un adolescente refugiado en 1961. Desde 1995, se ha desempe\u00f1ado como Presidente del Miami Dade College (MDC).<\/li>\n<li><b>Mario Kreutzberger<\/b>, \u00edcono medi\u00e1tico internacional, mejor conocido por su nombre art\u00edstico \u00abDon Francisco\u00bb.<\/li>\n<\/ul>\n<p>\u201cNuestra misi\u00f3n es mostrar objetivamente los problemas, el contexto y los esfuerzos de individuos, organizaciones, empresas y gobiernos para contribuir a erradicar esta violaci\u00f3n de derechos humanos\u201d, dijo <b>Cynthia Hudson<\/b>, vicepresidenta senior y gerente general de CNN en Espa\u00f1ol y Estrategia Hispana para CNN en Estados Unidos.<\/p>\n<p>\u201cCon nuestra excelencia period\u00edstica, CNN en Espa\u00f1ol intervendr\u00e1 y servir\u00e1 de plataforma para exponer un problema social masivo. A trav\u00e9s de entrevistas, el Proyecto Ser Humano compartir\u00e1 las historias \u00fanicas de personas que han sufrido discriminaci\u00f3n y c\u00f3mo con resiliencia lograron superarlo a pesar de las adversidades\u00bb, a\u00f1ade.<\/p>\n<p>El arte oficial del <b>Proyecto Ser Humano<\/b> estuvo a cargo de la artista Emilia Cruz. Cruz es una artista chicana de veinticinco a\u00f1os, estudiante de ilustraci\u00f3n y bellas artes en el Art Center College of Design en Pasadena, California. La obra de arte de Cruz se centra principalmente en dar representaci\u00f3n a las mujeres de color. Ella explora diferentes formas en las que puede representar la vulnerabilidad, el amor propio y el empoderamiento. Sus pinturas est\u00e1n significativamente influenciadas por sus ra\u00edces y herencia mexicanas.<\/p>\n<p>El himno oficial del <b>Proyecto Ser Huma<\/b><b>no<\/b> fue orquestado por Gian Marco y producido por Emilio Estefan. Gian Marco es un cantautor peruano tres veces ganador del premio Grammy Latino al mejor \u00e1lbum de cantantes y compositores.<\/p>\n<p>El <b>Proyecto Ser Humano<\/b> es una campa\u00f1a que vivir\u00e1 en todas las plataformas de CNN en Espa\u00f1ol durante todo el a\u00f1o en la forma de documentales, eventos en vivo, elementos de contenido en espect\u00e1culos de destino y participaci\u00f3n del espectador digital. La campa\u00f1a buscar\u00e1 educar, motivar y desentra\u00f1ar las situaciones negativas que personas en todo el mundo enfrentan diariamente producto de la discriminaci\u00f3n.<\/p>\n","protected":false},"excerpt":{"rendered":"<p>Este mes, CNN en Espa\u00f1ol debutar\u00e1 la campa\u00f1a Proyecto Ser Humano, una iniciativa que la cadena de noticias tomar\u00e1 como bandera en 2019, con la finalidad de crear conciencia sobre la problem\u00e1tica de la discriminaci\u00f3n a nivel mundial, y destacar los esfuerzos realizados por individuos, organizaciones, gobiernos y empresas para eliminarla. A trav\u00e9s de programaci\u00f3n [&hellip;]<\/p>\n","protected":false},"author":2,"featured_media":4967,"comment_status":"closed","ping_status":"open","sticky":false,"template":"","format":"standard","meta":[],"categories":[6169,93,2],"tags":[2318,6178,6176,5394,6175,6171,6172,6177,6173,6170,6174],"wppr_data":[],"_links":{"self":[{"href":"https:\/\/www.notaoficial.com\/s\/wp-json\/wp\/v2\/posts\/4966"}],"collection":[{"href":"https:\/\/www.notaoficial.com\/s\/wp-json\/wp\/v2\/posts"}],"about":[{"href":"https:\/\/www.notaoficial.com\/s\/wp-json\/wp\/v2\/types\/post"}],"author":[{"embeddable":true,"href":"https:\/\/www.notaoficial.com\/s\/wp-json\/wp\/v2\/users\/2"}],"replies":[{"embeddable":true,"href":"https:\/\/www.notaoficial.com\/s\/wp-json\/wp\/v2\/comments?post=4966"}],"version-history":[{"count":1,"href":"https:\/\/www.notaoficial.com\/s\/wp-json\/wp\/v2\/posts\/4966\/revisions"}],"predecessor-version":[{"id":4968,"href":"https:\/\/www.notaoficial.com\/s\/wp-json\/wp\/v2\/posts\/4966\/revisions\/4968"}],"wp:featuredmedia":[{"embeddable":true,"href":"https:\/\/www.notaoficial.com\/s\/wp-json\/wp\/v2\/media\/4967"}],"wp:attachment":[{"href":"https:\/\/www.notaoficial.com\/s\/wp-json\/wp\/v2\/media?parent=4966"}],"wp:term":[{"taxonomy":"category","embeddable":true,"href":"https:\/\/www.notaoficial.com\/s\/wp-json\/wp\/v2\/categories?post=4966"},{"taxonomy":"post_tag","embeddable":true,"href":"https:\/\/www.notaoficial.com\/s\/wp-json\/wp\/v2\/tags?post=4966"}],"curies":[{"name":"wp","href":"https:\/\/api.w.org\/{rel}","templated":true}]}}