{"id":4985,"date":"2019-04-14T01:27:51","date_gmt":"2019-04-14T05:27:51","guid":{"rendered":"http:\/\/www.notaoficial.com\/s\/?p=4985"},"modified":"2019-04-13T20:29:23","modified_gmt":"2019-04-14T00:29:23","slug":"dayan-se-luce-en-su-paso-por-mexico-2","status":"publish","type":"post","link":"https:\/\/www.notaoficial.com\/s\/2019\/04\/14\/dayan-se-luce-en-su-paso-por-mexico-2\/","title":{"rendered":"Dayan se luce en su paso por M\u00e9xico"},"content":{"rendered":"<p><strong>Dayan sigue trabajando fuertemente en la consolidaci\u00f3n de su carrera en el mercado musical internacional.<\/strong> Despu\u00e9s de haber contado con una buena receptividad de su tema \u201cNi\u00f1o cool\u201d, tercer \u201ccap\u00edtulo\u201d (promocional) de su disco \u201cEmociones\u201d, <strong>la cantautora venezolana se dispuso a cumplir con una serie de compromisos en Colombia y M\u00e9xico.<\/strong><\/p>\n<p>Dayan aprovech\u00f3 la visita a Colombia no s\u00f3lo para conocer un poco el mundo del espect\u00e1culo all\u00e1, sino para preparar grandes sorpresas de su trabajo. Del vecino pa\u00eds, <strong>la cantautora salt\u00f3 a M\u00e9xico, donde cumpli\u00f3 con una serie de compromisos que le van a sumar mucho a su carrera.<\/strong><\/p>\n<p>Sin embargo, su paso por el pa\u00eds azteca a\u00fan no finaliza, pues <strong>el pr\u00f3ximo 27 de abril regresa para presentarse junto al colombiano RK en el \u201cLunario de M\u00e9xico\u201d:<\/strong> \u201cEstar\u00e9 de invitada en el concierto de RK cantando \u201cMonoton\u00eda\u201d junto a \u00e9l. Es algo que me tiene muy entusiasmada porque no ser\u00e9 la \u00fanica invitada del show, esa noche estar\u00e1 repleta de grandes artistas\u201d, asegura Dayan.<\/p>\n<p>Mientras tanto, <strong>Dayan sigue promocionando con fuerza su sencillo \u201cNi\u00f1o Cool\u201d,<\/strong> 3er cap\u00edtulo de su disco \u201cEmociones\u201d. <strong>Este tema est\u00e1 cargado de pop con sonidos electr\u00f3nicos<\/strong> que captan, a la perfecci\u00f3n, la esencia de esta venezolana, y ya puede encontrarse en todas las plataformas digitales de la cantante. El mismo tambi\u00e9n cuenta con un material audiovisual, dirigido por la misma Dayan, grabado en Nueva York bajo la producci\u00f3n ejecutiva de Moonlight Records.<\/p>\n<p><strong>Despu\u00e9s de mucho analizar estilos, sumergida por completo en el estudio, la valenciana consigui\u00f3 lo que quer\u00eda: Su sonido caracter\u00edstico<\/strong>. De all\u00ed parti\u00f3 la realizaci\u00f3n de su disco, dividido de una forma muy particular: \u201cCada canci\u00f3n es un cap\u00edtulo, y cada cap\u00edtulo una emoci\u00f3n. Junto al productor musical nos dedicamos a darle ese respectivo sentimiento a cada canci\u00f3n. Es una nueva propuesta musical donde busco que cada letra y\u00a0 sonido te hagan identificar lo que sientes\u201d, explica.<\/p>\n<p>Aunque la meta actual de la cantante es conquistar el mercado musical internacional, <strong>Venezuela no puede estar fuera de sus planes. Es por ello que, tras finalizar sus compromisos en el exterior, regresar\u00e1 a nuestro pa\u00eds para reencontrarse con los medios y fan\u00e1ticos.<\/strong><\/p>\n<p><strong>Para conocer cada paso de Dayan, no duden en seguirla en sus redes sociales como @dayanpop.<\/strong><\/p>\n","protected":false},"excerpt":{"rendered":"<p>Dayan sigue trabajando fuertemente en la consolidaci\u00f3n de su carrera en el mercado musical internacional. Despu\u00e9s de haber contado con una buena receptividad de su tema \u201cNi\u00f1o cool\u201d, tercer \u201ccap\u00edtulo\u201d (promocional) de su disco \u201cEmociones\u201d, la cantautora venezolana se dispuso a cumplir con una serie de compromisos en Colombia y M\u00e9xico. Dayan aprovech\u00f3 la visita [&hellip;]<\/p>\n","protected":false},"author":2,"featured_media":4986,"comment_status":"closed","ping_status":"open","sticky":false,"template":"","format":"standard","meta":[],"categories":[463,2],"tags":[28,6001,199],"wppr_data":[],"_links":{"self":[{"href":"https:\/\/www.notaoficial.com\/s\/wp-json\/wp\/v2\/posts\/4985"}],"collection":[{"href":"https:\/\/www.notaoficial.com\/s\/wp-json\/wp\/v2\/posts"}],"about":[{"href":"https:\/\/www.notaoficial.com\/s\/wp-json\/wp\/v2\/types\/post"}],"author":[{"embeddable":true,"href":"https:\/\/www.notaoficial.com\/s\/wp-json\/wp\/v2\/users\/2"}],"replies":[{"embeddable":true,"href":"https:\/\/www.notaoficial.com\/s\/wp-json\/wp\/v2\/comments?post=4985"}],"version-history":[{"count":1,"href":"https:\/\/www.notaoficial.com\/s\/wp-json\/wp\/v2\/posts\/4985\/revisions"}],"predecessor-version":[{"id":4987,"href":"https:\/\/www.notaoficial.com\/s\/wp-json\/wp\/v2\/posts\/4985\/revisions\/4987"}],"wp:featuredmedia":[{"embeddable":true,"href":"https:\/\/www.notaoficial.com\/s\/wp-json\/wp\/v2\/media\/4986"}],"wp:attachment":[{"href":"https:\/\/www.notaoficial.com\/s\/wp-json\/wp\/v2\/media?parent=4985"}],"wp:term":[{"taxonomy":"category","embeddable":true,"href":"https:\/\/www.notaoficial.com\/s\/wp-json\/wp\/v2\/categories?post=4985"},{"taxonomy":"post_tag","embeddable":true,"href":"https:\/\/www.notaoficial.com\/s\/wp-json\/wp\/v2\/tags?post=4985"}],"curies":[{"name":"wp","href":"https:\/\/api.w.org\/{rel}","templated":true}]}}