{"id":4988,"date":"2019-04-14T21:39:17","date_gmt":"2019-04-15T01:39:17","guid":{"rendered":"http:\/\/www.notaoficial.com\/s\/?p=4988"},"modified":"2019-04-14T21:39:17","modified_gmt":"2019-04-15T01:39:17","slug":"el-kanka-sorprende-con-la-publicacion-de-tres-temas-ineditos-y-el-anuncio-de-un-concierto-en-wizink-center-de-madrid","status":"publish","type":"post","link":"https:\/\/www.notaoficial.com\/s\/2019\/04\/14\/el-kanka-sorprende-con-la-publicacion-de-tres-temas-ineditos-y-el-anuncio-de-un-concierto-en-wizink-center-de-madrid\/","title":{"rendered":"El Kanka sorprende con la publicaci\u00f3n de tres temas in\u00e9ditos y el anuncio de un concierto en Wizink Center de Madrid"},"content":{"rendered":"<p style=\"text-align: left;\">Hace d\u00edas que sonaba la fecha 5 de abril en las redes de <strong>El Kanka<\/strong> como un d\u00eda en el que algo importante iba a pasar. Y ya por fin se desvel\u00f3 el misterio. Lo que el artista llevaba tiempo tramando era el <strong>lanzamiento en plataformas digitales de un EP, CanEp\u00e9<\/strong>,\u00a0con <strong>tres temas in\u00e9ditos<\/strong> (<em>Guapos y guapas, Nana para Noam<\/em> y<em> Payaso<\/em>). Seg\u00fan declara el cantautor, <em>\u00ab<\/em><strong><em>las canciones que conforman este EP pertenecen a la \u00faltima remesa de temas que ten\u00eda compuestos, son canciones que nacieron durante la gira de El arte de saltar\u00bb.<\/em><\/strong><\/p>\n<p><em><strong>\u00abGuapos y guapas<\/strong>, es una <strong>rumbita\u00a0<\/strong>que re\ufb02exiona sobre el culto excesivo al cuerpo y su consecuente menoscabo del intelecto, es decir, es una<strong> cr\u00edtica al corpore sano<\/strong>\u00a0frente a la cada vez m\u00e1s ignorada mens sana.<strong>\u00a0Payaso<\/strong>, a medio camino <strong>entre el bolero y el pasodoble<\/strong>, es un <strong>elogio del humor<\/strong> y pretende sacar a la palabra payaso de su fama despectiva.\u00a0<strong>Nana para Noam<\/strong>\u00a0es mi primera nana y est\u00e1 dedicada a mi sobrinito.\u00bb <\/em>El\u00a0Kanka<\/p>\n<p><strong>El Kanka<\/strong> quer\u00eda que el <strong>proceso de grabaci\u00f3n fuera especial<\/strong>, ya que son s\u00f3lo tres temas que se lanzan por gusto, sin ning\u00fan disco que <em>\u00ablo haga m\u00e1s serio\u00bb<\/em>. Con estas canciones el malague\u00f1o pens\u00f3 en <strong>volver un poco a los or\u00edgenes<\/strong> y llamar a sus\u00a0eternos compa\u00f1eros <strong>Manin y Alvarito Ruiz<\/strong> para \ufb02uir en una especie de <strong>grabaci\u00f3n libre, semi improvisada y muy org\u00e1nica<\/strong>. Todo ello bajo la batuta del <strong>productor<\/strong> de cabecera de El Kanka,\u00a0<strong>Carlos Manzanares (Avatar)<\/strong>. \u00ab<em>El resultado fue quiz\u00e1 <strong>la<\/strong> <strong>mejor experiencia que he tenido en un estudio<\/strong>, disfrutamos montando entre todos las canciones desde cero y viendo c\u00f3mo tomaban forma&#8230;\u00bb<\/em> afirma <strong>El Kanka. <\/strong>Y para terminar de rizar el rizo, pens\u00f3\u00a0que ser\u00eda divertido si <strong>el arte gr\u00e1\ufb01co del disco participaba del mismo proceso creativo<\/strong>, as\u00ed que volvi\u00f3 a contar con Anabel Perujo<strong> (Pek)<\/strong> -ilustradora de todos los discos anteriores de El Kanka-<strong>\u00a0bocetando todo lo que\u00a0ocurr\u00eda en el estudio y llenando de im\u00e1genes la m\u00fasica.\u00a0<\/strong><\/p>\n<table class=\"m_-7871183061455009972mcnTextContentContainer\" border=\"0\" width=\"100%\" cellspacing=\"0\" cellpadding=\"0\" align=\"left\">\n<tbody>\n<tr>\n<td class=\"m_-7871183061455009972mcnTextContent\" valign=\"top\">\n<div><strong>1 de febrero El Kanka en el Wizink Center de Madrid<\/strong><\/div>\n<div>\nDespu\u00e9s de la \u00faltima gira que en un a\u00f1o ha sumado\u00a0<strong>80\u00a0conciertos <\/strong>(12 de ellos en el extranjero y 13 en festivales) y <strong>vendido todas las entradas en\u00a049 <\/strong>citas,<strong> El Kanka<\/strong> se <strong>desped\u00eda hace pocos\u00a0d\u00edas del tour El arte de saltar <\/strong>con tan solo una fecha m\u00e1s en el horizonte (adem\u00e1s de la gira en Latinoam\u00e9rica en la que se embarca pr\u00f3ximamente), la del<strong> Vi\u00f1a Rock 2019 <\/strong>donde actuar\u00e1 como<strong> cabeza de cartel<\/strong>. Pero<strong> El Kanka <\/strong>a\u00fan guardaba un as en la manga y ha desvelado una\u00a0sorpresa m\u00e1s. Y es que el <strong>1 de febrero de 2020<\/strong> ofrecer\u00e1 un concierto muy especial en la historia de este cantautor que empez\u00f3, guitarra y voz, en salas de no m\u00e1s de 50 personas hace poco m\u00e1s de cinco a\u00f1os, y que ahora es <strong>capaz de plantearse el\u00a0reto de llenar el aforo m\u00e1s grande de su historia <\/strong>reuniendo a miles de fans bajo un mismo techo, el del <strong>Wizink Center de Madrid<\/strong>.<\/p>\n<p>Las entradas est\u00e1n desde hoy a la venta en <a href=\"http:\/\/granconvoy.trckacbm.com\/url\/ver\/35043215\/\/697327\/PdkLyAgG9q4PQC7h1mw2lI8O2OoWI7qQWzLWgU4ZQuVj\" target=\"_blank\" rel=\"noopener\" data-saferedirecturl=\"https:\/\/www.google.com\/url?q=http:\/\/granconvoy.trckacbm.com\/url\/ver\/35043215\/\/697327\/PdkLyAgG9q4PQC7h1mw2lI8O2OoWI7qQWzLWgU4ZQuVj&amp;source=gmail&amp;ust=1555378607449000&amp;usg=AFQjCNFLMoCHZRx3Nk5Pl1wjBZedzbwqIQ\">Wegow<\/a>.<\/div>\n<\/td>\n<\/tr>\n<\/tbody>\n<\/table>\n","protected":false},"excerpt":{"rendered":"<p>Hace d\u00edas que sonaba la fecha 5 de abril en las redes de El Kanka como un d\u00eda en el que algo importante iba a pasar. Y ya por fin se desvel\u00f3 el misterio. Lo que el artista llevaba tiempo tramando era el lanzamiento en plataformas digitales de un EP, CanEp\u00e9,\u00a0con tres temas in\u00e9ditos (Guapos [&hellip;]<\/p>\n","protected":false},"author":2,"featured_media":4989,"comment_status":"closed","ping_status":"open","sticky":false,"template":"","format":"standard","meta":[],"categories":[146],"tags":[6194,6192,6195,4054,6193],"wppr_data":[],"_links":{"self":[{"href":"https:\/\/www.notaoficial.com\/s\/wp-json\/wp\/v2\/posts\/4988"}],"collection":[{"href":"https:\/\/www.notaoficial.com\/s\/wp-json\/wp\/v2\/posts"}],"about":[{"href":"https:\/\/www.notaoficial.com\/s\/wp-json\/wp\/v2\/types\/post"}],"author":[{"embeddable":true,"href":"https:\/\/www.notaoficial.com\/s\/wp-json\/wp\/v2\/users\/2"}],"replies":[{"embeddable":true,"href":"https:\/\/www.notaoficial.com\/s\/wp-json\/wp\/v2\/comments?post=4988"}],"version-history":[{"count":1,"href":"https:\/\/www.notaoficial.com\/s\/wp-json\/wp\/v2\/posts\/4988\/revisions"}],"predecessor-version":[{"id":4990,"href":"https:\/\/www.notaoficial.com\/s\/wp-json\/wp\/v2\/posts\/4988\/revisions\/4990"}],"wp:featuredmedia":[{"embeddable":true,"href":"https:\/\/www.notaoficial.com\/s\/wp-json\/wp\/v2\/media\/4989"}],"wp:attachment":[{"href":"https:\/\/www.notaoficial.com\/s\/wp-json\/wp\/v2\/media?parent=4988"}],"wp:term":[{"taxonomy":"category","embeddable":true,"href":"https:\/\/www.notaoficial.com\/s\/wp-json\/wp\/v2\/categories?post=4988"},{"taxonomy":"post_tag","embeddable":true,"href":"https:\/\/www.notaoficial.com\/s\/wp-json\/wp\/v2\/tags?post=4988"}],"curies":[{"name":"wp","href":"https:\/\/api.w.org\/{rel}","templated":true}]}}