{"id":5023,"date":"2019-04-16T19:24:18","date_gmt":"2019-04-16T23:24:18","guid":{"rendered":"http:\/\/www.notaoficial.com\/s\/?p=5023"},"modified":"2019-04-16T18:31:15","modified_gmt":"2019-04-16T22:31:15","slug":"para-espacio-anna-frank-la-coexistencia-es-el-motivo-de-un-concurso-multidisciplinario","status":"publish","type":"post","link":"https:\/\/www.notaoficial.com\/s\/2019\/04\/16\/para-espacio-anna-frank-la-coexistencia-es-el-motivo-de-un-concurso-multidisciplinario\/","title":{"rendered":"Para Espacio Anna Frank, la coexistencia es el motivo de un concurso multidisciplinario"},"content":{"rendered":"<p dir=\"ltr\">\u201cHoy m\u00e1s que nunca practicar la coexistencia es indispensable, \u00a0pues de ello dependen nuestras relaciones humanas. La coexistencia es posible si respetamos al otro, al diferente, si nos solidarizamos y nos disponemos a ayudarlo. Es importante que aprendamos a reconocernos como seres diferentes, pero con los mismos derechos, responsabilizarnos por el otro, y tener la valent\u00eda para protegerlo y defenderlo si no se encuentra en condiciones de hacerlo por \u00e9l mismo\u201d, se\u00f1ala Ilana Beker, vicepresidente de Espacio Anna Frank a prop\u00f3sito de la convocatoria para el 10\u00b0 Sal\u00f3n de la Coexistencia.<\/p>\n<p dir=\"ltr\">\u201cSe trata de un concurso multidisciplinario. El 10\u00b0 Sal\u00f3n de la Coexistencia (SNC), es un proyecto educativo, art\u00edstico, social y humano, a trav\u00e9s del cual se reflejan y valoran los objetivos que fundamentan a Espacio Anna Frank y que este a\u00f1o, llega a su d\u00e9cima edici\u00f3n ininterrumpida. Es importante destacar que el SNC es m\u00e1s que un concurso. La convocatoria, es s\u00f3lo el inicio que motiva a estudiantes y \u00a0profesionales del Dise\u00f1o, Ilustraci\u00f3n, Fotograf\u00eda y Narrativa a compartir su obra, la cual ser\u00e1 destinada a formar parte de programas que se implementan, de forma gratuita, en escuelas, universidades y espacios p\u00fablicos, con el objetivo de despertar en el espectador el inter\u00e9s y el deseo de poner en pr\u00e1ctica la coexistencia en su entorno, ya sea en el hogar, su trabajo o vecindario\u201d, afirma Beker.<\/p>\n<p dir=\"ltr\">El SNC est\u00e1 dirigido a venezolanos, mayores de edad, \u00a0radicados o no en el pa\u00eds, que participan a trav\u00e9s de una propuesta que refleje el concepto de coexistencia. El premio por cada una de las cuatro categor\u00edas es de 500 d\u00f3lares y los dem\u00e1s seleccionados tendr\u00e1n premios sorpresa. Se convoca a la creaci\u00f3n de propuestas que propicien la reflexi\u00f3n y la conciencia, y que difundan valores humanos centrados en el respeto a los dem\u00e1s. La convocatoria se inici\u00f3 el pasado lunes 25 de febrero y se extender\u00e1 hasta el lunes 17 de junio de 2019, para que un jurado calificado, en cada una de las categor\u00edas, anuncie su veredicto el 26 de julio.<\/p>\n<p>La programaci\u00f3n de las actividades vinculadas al Sal\u00f3n, luego del per\u00edodo de recepci\u00f3n y selecci\u00f3n de las piezas recibidas, tiene su punto m\u00e1ximo en septiembre, mes de la coexistencia, \u00a0lapso durante el cual se lleva a cabo el acto de premiaci\u00f3n y la exposici\u00f3n de los carteles seleccionados en diversos lugares de Caracas y otras ciudades del pa\u00eds, totalmente gratis.<\/p>\n<blockquote>\n<p dir=\"ltr\">Actualmente, \u00bfc\u00f3mo se puede aplicar la coexistencia en nuestro \u00e1mbito social?<\/p>\n<p dir=\"ltr\">\n&#8212; Quienes creemos, que el hombre tiene entre mente y coraz\u00f3n, la posibilidad de realizar acciones que apoyen y asistan la justicia social, todo se torna posible, en nuestras manos est\u00e1 llevarlo a cabo. Ejemplos, ahora abundan en estos momentos de tanta necesidad, cualquier venezolano puede relatar cu\u00e1ntos v\u00ednculos nuevos ha descubierto gracias a las manifestaciones de solidaridad y de generosidad&#8211;, sostiene Ilana Beker.<\/p>\n<\/blockquote>\n<p dir=\"ltr\">El jurado para la categor\u00eda de Dise\u00f1o Gr\u00e1fico est\u00e1 compuesto por: Carolina Arnal, Kathiana\u00a0Cardona, H\u00e9ctor Do Nascimento, Rub\u00e9n Moreno y Yessica Silvio. En Fotograf\u00eda, lo forman: Ricardo Jim\u00e9nez, Leo \u00c1lvarez, Ricardo G\u00f3mez, Sara Maneiro y Mar\u00eda Teresa Boulton. Para Ilustraci\u00f3n: Yonel Hern\u00e1ndez, Eddymir Brice\u00f1o y Humberto Valdivieso. Finalmente, para Narrativa, el jurado est\u00e1 integrado por: H\u00e9ctor Torres, Ricardo Ram\u00edrez y Diajanida Hern\u00e1ndez.<\/p>\n<p>Espacio Anna Frank incita a participar a los j\u00f3venes y profesionales en esta convocatoria que estimula su talento y creatividad al rescate y divulgaci\u00f3n de los valores humanos, en uso de la conciencia ciudadana y la libre expresi\u00f3n. Los concursantes podr\u00e1n participar en las diversas categor\u00edas, si as\u00ed lo quisieran. Sus propuestas deben ser in\u00e9ditas y cumplir a cabalidad con las bases del concurso, disponibles para cada categor\u00eda en la p\u00e1gina web <a href=\"http:\/\/www.espacioannafrank.org\" target=\"_blank\" rel=\"noopener\" data-saferedirecturl=\"https:\/\/www.google.com\/url?q=http:\/\/www.espacioannafrank.org&amp;source=gmail&amp;ust=1555539315433000&amp;usg=AFQjCNHeN_tkLHmx_iiJnZ2sQW9R90J4tg\">www.espacioannafrank.org<\/a>. Asimismo, las redes sociales oficiales del certamen ofrecer\u00e1n informaci\u00f3n durante toda la campa\u00f1a: en Facebook, Espacio Anna Frank; en Twitter, @EspacioAF y en Instagram, @espacioannafrank<\/p>\n","protected":false},"excerpt":{"rendered":"<p>\u201cHoy m\u00e1s que nunca practicar la coexistencia es indispensable, \u00a0pues de ello dependen nuestras relaciones humanas. La coexistencia es posible si respetamos al otro, al diferente, si nos solidarizamos y nos disponemos a ayudarlo. Es importante que aprendamos a reconocernos como seres diferentes, pero con los mismos derechos, responsabilizarnos por el otro, y tener la [&hellip;]<\/p>\n","protected":false},"author":2,"featured_media":5024,"comment_status":"closed","ping_status":"open","sticky":false,"template":"","format":"standard","meta":[],"categories":[463,2],"tags":[6082,6095,6093,1921,6084,135,3571,6083,6088,6091,6089,6087,6094,6085,6090,6226,6086,6092],"wppr_data":[],"_links":{"self":[{"href":"https:\/\/www.notaoficial.com\/s\/wp-json\/wp\/v2\/posts\/5023"}],"collection":[{"href":"https:\/\/www.notaoficial.com\/s\/wp-json\/wp\/v2\/posts"}],"about":[{"href":"https:\/\/www.notaoficial.com\/s\/wp-json\/wp\/v2\/types\/post"}],"author":[{"embeddable":true,"href":"https:\/\/www.notaoficial.com\/s\/wp-json\/wp\/v2\/users\/2"}],"replies":[{"embeddable":true,"href":"https:\/\/www.notaoficial.com\/s\/wp-json\/wp\/v2\/comments?post=5023"}],"version-history":[{"count":1,"href":"https:\/\/www.notaoficial.com\/s\/wp-json\/wp\/v2\/posts\/5023\/revisions"}],"predecessor-version":[{"id":5025,"href":"https:\/\/www.notaoficial.com\/s\/wp-json\/wp\/v2\/posts\/5023\/revisions\/5025"}],"wp:featuredmedia":[{"embeddable":true,"href":"https:\/\/www.notaoficial.com\/s\/wp-json\/wp\/v2\/media\/5024"}],"wp:attachment":[{"href":"https:\/\/www.notaoficial.com\/s\/wp-json\/wp\/v2\/media?parent=5023"}],"wp:term":[{"taxonomy":"category","embeddable":true,"href":"https:\/\/www.notaoficial.com\/s\/wp-json\/wp\/v2\/categories?post=5023"},{"taxonomy":"post_tag","embeddable":true,"href":"https:\/\/www.notaoficial.com\/s\/wp-json\/wp\/v2\/tags?post=5023"}],"curies":[{"name":"wp","href":"https:\/\/api.w.org\/{rel}","templated":true}]}}