{"id":5032,"date":"2019-04-16T23:50:11","date_gmt":"2019-04-17T03:50:11","guid":{"rendered":"http:\/\/www.notaoficial.com\/s\/?p=5032"},"modified":"2019-04-16T18:56:21","modified_gmt":"2019-04-16T22:56:21","slug":"daniel-requena-conquisto-primer-lugar-en-la-siembra-del-cuatro-2019","status":"publish","type":"post","link":"https:\/\/www.notaoficial.com\/s\/2019\/04\/16\/daniel-requena-conquisto-primer-lugar-en-la-siembra-del-cuatro-2019\/","title":{"rendered":"Daniel Requena conquist\u00f3 primer lugar en la siembra del cuatro 2019"},"content":{"rendered":"<div>El instrumento nacional conquist\u00f3 nuevamente al p\u00fablico citadino en la gala aniversario del <em>Festival Internacional La Siembra del Cuatro<\/em> que tuvo como escenario la sala de conciertos del Centro Cultural BOD.<\/div>\n<div>\nA sala llena, el maestro <strong>Cheo Hurtado<\/strong> celebr\u00f3 quince a\u00f1os de \u00e9xitos y notables logros de esta iniciativa que vio luz el 4-4 de 2004.<\/div>\n<div>\nEn esta gala el p\u00fablico pudo disfrutar del un programa diverso en el que, bajo la conducci\u00f3n de Hurtado, participaron los cuatristas <strong>Nelson Gonz\u00e1lez<\/strong>, <strong>Daniel Requena<\/strong>, <strong>Alis Cruces<\/strong>, <strong>Luis Pino<\/strong>, <strong>Carlos Su\u00e1rez<\/strong>, <strong>Fernando Rodr\u00edguez<\/strong>, <strong>Dannys Ordu\u00f1o<\/strong>, <strong>Ferm\u00edn Dey\u00e1n<\/strong>, <strong>F\u00e9lix Crudele<\/strong>, <strong>H\u00e9ctor Medina<\/strong>, <strong>Isidro Landaeta<\/strong> y el japon\u00e9s <strong>Yasuji D\u2019 Gucci<\/strong>, acompa\u00f1ados en el bajo por <strong>Eddy D\u00edaz<\/strong> y en las maracas por <strong>Alfredo Guti\u00e9rrez<\/strong>.<br \/>\nLos asistentes tambi\u00e9n quedaron cautivados por el talento de los j\u00f3venes alumnos de la c\u00e1tedra de cuatro del Colegio Emil Friedman. Su actuaci\u00f3n dej\u00f3 claro que la tradici\u00f3n de cuatro cuerdas sigue en el alma de los venezolanos.<\/div>\n<div>\nEn la \u00faltima parte del evento se develaron los ganadores del III Concurso Internacional de Composici\u00f3n de obras para cuatro solista, dedicado al maestro <strong>Jos\u00e9 Luis Lara<\/strong>, al conmemorarse un a\u00f1o de su partida.<\/div>\n<div>\nVeintid\u00f3s temas fueron postulados por sus compositores y colgados en el canal de Youtube de La Siembra.\u00a0 Entre el 18 y el 25 de marzo el p\u00fablico pudo ver y votar por su pieza preferida. En paralelo, el jurado, integrado por <strong>Ali Ag\u00fcero<\/strong>, <strong>Albert Hern\u00e1ndez<\/strong>,\u00a0 <strong>Leonardo Lozano<\/strong> y <strong>Orlando Cardozo<\/strong> hizo su evaluaci\u00f3n t\u00e9cnica y art\u00edstica y dio a conocer el veredicto, resultando ganadora del primer lugar la obra \u201cJota a la Alegr\u00eda\u201d, jota carupanera inscrita bajo el seud\u00f3nimo Chapita, correspondiente al cuatrista monaguense <strong>Daniel Requena<\/strong>, quien tambi\u00e9n conquist\u00f3 el premio de los concursantes.<\/div>\n<div>\nEl segundo lugar fue conquistado por el tema \u201cTu presencia\u201d, g\u00e9nero Onda Nueva inscrito bajo el seud\u00f3nimo Cantacorde\u00a0 por el cuatrista bolivarense <strong>Fraimer Reyes<\/strong>. El tercer lugar fue compartido por dos obras del g\u00e9nero merengue venezolano: \u201cJoy\u201d, inscrita bajo el seud\u00f3nimo Inguz, perteneciente al cuatrista meride\u00f1o <strong>Daniel Molina<\/strong>; y \u201cEl Carrousel\u201d, que con el seud\u00f3nimo Patiqu\u00edn fue escrita por el larense <strong>Juan Carlos Sanz<\/strong>. El premio del p\u00fablico fue para el tema \u00abAmor Venezolano\u00bb, pasaje inscrito bajo el seud\u00f3nimo El cuatrista larense por <strong>Fredy Rangel<\/strong>.<\/div>\n<div>\nPara el fundador de esta iniciativa, <strong>Cheo Hurtado<\/strong>, esta celebraci\u00f3n representa un nuevo logro y anuncia, para 2020, una nueva convocatoria para el Concurso de Ejecuci\u00f3n, competencia de la que han emergido nombres que ahora son referencia, como <em>Miguel Siso<\/em>, ganador del Latin\u00a0<em>Grammy<\/em>\u00a02018 en la categor\u00eda Mejor \u00e1lbum instrumental; <em>Carlos Capacho<\/em>, <em>Jorge Glem<\/em>, <em>Nelson Gonz\u00e1lez<\/em>, <em>Daniel Requena<\/em>, <em>Edward Ram\u00edrez<\/em>, \u00a0<em>H\u00e9ctor Medina<\/em>, <em>Roney Silva<\/em>, <em>Leo Rond\u00f3n<\/em>, <em>H\u00e9ctor Molina<\/em>, <em>Alis Cruces<\/em>, <em>Henry Linarez<\/em>, por solo mencionar algunos.<\/div>\n<div>\n\u201cPara nosotros es una gran satisfacci\u00f3n que, con los egresados de nuestro festival, muchos de ellos parte de la actual di\u00e1spora venezolana, el cuatro est\u00e9 viajando por todo el mundo, demostrando su versatilidad y universalidad\u201d, dice. Larga vida, entonces, para el bien llamado, instrumento nacional.\n<\/div>\n<div><strong><a href=\"http:\/\/www.lasiembradelcuatro.com\" target=\"_blank\" rel=\"noopener\" data-saferedirecturl=\"https:\/\/www.google.com\/url?q=http:\/\/www.lasiembradelcuatro.com&amp;source=gmail&amp;ust=1555539314197000&amp;usg=AFQjCNHypcY40frokQmAS6rOqhNGoeaYUA\">www.lasiembradelcuatro.com<\/a><\/strong><\/div>\n","protected":false},"excerpt":{"rendered":"<p>El instrumento nacional conquist\u00f3 nuevamente al p\u00fablico citadino en la gala aniversario del Festival Internacional La Siembra del Cuatro que tuvo como escenario la sala de conciertos del Centro Cultural BOD. A sala llena, el maestro Cheo Hurtado celebr\u00f3 quince a\u00f1os de \u00e9xitos y notables logros de esta iniciativa que vio luz el 4-4 de [&hellip;]<\/p>\n","protected":false},"author":2,"featured_media":5033,"comment_status":"closed","ping_status":"open","sticky":false,"template":"","format":"standard","meta":[],"categories":[463,2],"tags":[6240,6238,6239,6229,6231,379,6228,1664,6232,6237,6233,1719,1665,6234,6235,6241,6230,4081,6242,6236],"wppr_data":[],"_links":{"self":[{"href":"https:\/\/www.notaoficial.com\/s\/wp-json\/wp\/v2\/posts\/5032"}],"collection":[{"href":"https:\/\/www.notaoficial.com\/s\/wp-json\/wp\/v2\/posts"}],"about":[{"href":"https:\/\/www.notaoficial.com\/s\/wp-json\/wp\/v2\/types\/post"}],"author":[{"embeddable":true,"href":"https:\/\/www.notaoficial.com\/s\/wp-json\/wp\/v2\/users\/2"}],"replies":[{"embeddable":true,"href":"https:\/\/www.notaoficial.com\/s\/wp-json\/wp\/v2\/comments?post=5032"}],"version-history":[{"count":1,"href":"https:\/\/www.notaoficial.com\/s\/wp-json\/wp\/v2\/posts\/5032\/revisions"}],"predecessor-version":[{"id":5034,"href":"https:\/\/www.notaoficial.com\/s\/wp-json\/wp\/v2\/posts\/5032\/revisions\/5034"}],"wp:featuredmedia":[{"embeddable":true,"href":"https:\/\/www.notaoficial.com\/s\/wp-json\/wp\/v2\/media\/5033"}],"wp:attachment":[{"href":"https:\/\/www.notaoficial.com\/s\/wp-json\/wp\/v2\/media?parent=5032"}],"wp:term":[{"taxonomy":"category","embeddable":true,"href":"https:\/\/www.notaoficial.com\/s\/wp-json\/wp\/v2\/categories?post=5032"},{"taxonomy":"post_tag","embeddable":true,"href":"https:\/\/www.notaoficial.com\/s\/wp-json\/wp\/v2\/tags?post=5032"}],"curies":[{"name":"wp","href":"https:\/\/api.w.org\/{rel}","templated":true}]}}