{"id":5047,"date":"2019-04-17T20:04:38","date_gmt":"2019-04-18T00:04:38","guid":{"rendered":"http:\/\/www.notaoficial.com\/s\/?p=5047"},"modified":"2019-04-17T11:08:46","modified_gmt":"2019-04-17T15:08:46","slug":"escuela-de-arquitectura-universidad-santa-maria-presenta-resultados-de-tesis-de-pregrado-al-alcalde-de-baruta","status":"publish","type":"post","link":"https:\/\/www.notaoficial.com\/s\/2019\/04\/17\/escuela-de-arquitectura-universidad-santa-maria-presenta-resultados-de-tesis-de-pregrado-al-alcalde-de-baruta\/","title":{"rendered":"Escuela de Arquitectura Universidad Santa Mar\u00eda presenta resultados de tesis de pregrado al Alcalde de Baruta."},"content":{"rendered":"<p>El d\u00eda jueves 04 de abril, fue presentado al alcalde Darwin Jos\u00e9 Gonz\u00e1lez -municipio Baruta- el resultado de los trabajos especiales de grado (T.E.G.) del per\u00edodo I-2019, desarrollados en la Facultad de Ingenier\u00eda y Arquitectura (FIA-USM), Carrera de Arquitectura, Universidad Santa Mar\u00eda, proyectados en la urb. Las Mercedes, Mun. Baruta.<\/p>\n<p>El acto se desarroll\u00f3 en el anfiteatro FIA-USM y cont\u00f3 con la presencia de diversas autoridades de la universidad: Dr. Carlos Enrique Pe\u00f1a (Vicerrector Administrativo), Dr. Fernando Miralles (Decano Facultad de Ingenier\u00eda y Arquitectura), Dr. Jos\u00e9 Antonio Bonvicini (Decano Facultad de Derecho), Arq. Ciro Sosa Flores (Coordinador FIA-USM), Prof. Susana Mileo (Directora Escuela de Arquitectura). Se cont\u00f3 con invitados especiales como el Dr. Antonio Pe\u00f1a, Dr. Jos\u00e9 Antonio Correa y la Presidente del Colegio de Arquitectos de Venezuela, Dra. Marianella Genatios.<\/p>\n<p>La presentaci\u00f3n fue realizada por el Prof. Arq. Tom\u00e1s P\u00e9rez Calder\u00f3n, Coordinador y Profesor de T.E.G. de la carrera de Arquitectura USM. El ejercicio acad\u00e9mico estuvo estructurado en grupos de dos secciones, que desarrollaron propuestas de revitalizaci\u00f3n independientes en el sector, considerando las ordenanzas vigentes. La propuesta de un complejo cultural se solicita como programa del curso en la manzana norte frente a la Plaza Alfredo Sadel, edificaci\u00f3n a considerar en los diferentes planes grupales. El programa del complejo exige una sala de teatro, sala de conciertos y un espacio de usos rentales, con locales comerciales y vinculaci\u00f3n directa a las calles alrededor de esa manzana. Adicionalmente, los alumnos distinguidos con menciones honor\u00edficas, Br. \u00c1ngeles D\u00edaz\u00a0 y Ryszard Ripoll, presentaron los videos de sus propuestas individuales del complejo cultural.<\/p>\n<p>Seguidamente, se dio un recorrido con todos los asistentes por la sala de exposiciones de la facultad con las veintis\u00e9is (26) propuestas individuales de los ahora pr\u00f3ximos arquitectos de la rep\u00fablica, en espera de su t\u00edtulo profesional.<\/p>\n<p>Con estas actividades, la Facultad de Ingenier\u00eda y Arquitectura de la Universidad Santa Mar\u00eda presenta y promueve los distintos proyectos desarrollados dentro de sus programas acad\u00e9micos como aporte a la sociedad venezolana. Asimismo, se avanza en las bases para la firma de convenios de cooperaci\u00f3n entre la Universidad Santa Mar\u00eda, Colegio de Arquitectos de Venezuela y la Alcald\u00eda de Baruta. Se presenta un favorable escenario para el desarrollo de importantes actividades relacionadas con las distintas sociedades profesionales y del conocimiento, como lo fuera la reci\u00e9n presentada XIII Bienal Nacional de Arquitectura, desarrollada en sus instalaciones, entre noviembre de 2018 y febrero de 2019.<\/p>\n<p>&nbsp;<\/p>\n","protected":false},"excerpt":{"rendered":"<p>El d\u00eda jueves 04 de abril, fue presentado al alcalde Darwin Jos\u00e9 Gonz\u00e1lez -municipio Baruta- el resultado de los trabajos especiales de grado (T.E.G.) del per\u00edodo I-2019, desarrollados en la Facultad de Ingenier\u00eda y Arquitectura (FIA-USM), Carrera de Arquitectura, Universidad Santa Mar\u00eda, proyectados en la urb. Las Mercedes, Mun. Baruta. El acto se desarroll\u00f3 en [&hellip;]<\/p>\n","protected":false},"author":2,"featured_media":5048,"comment_status":"closed","ping_status":"open","sticky":false,"template":"","format":"standard","meta":[],"categories":[140,2],"tags":[6261,6260,6256,6257,6258,6259,360,6262,5608,4845,4105],"wppr_data":[],"_links":{"self":[{"href":"https:\/\/www.notaoficial.com\/s\/wp-json\/wp\/v2\/posts\/5047"}],"collection":[{"href":"https:\/\/www.notaoficial.com\/s\/wp-json\/wp\/v2\/posts"}],"about":[{"href":"https:\/\/www.notaoficial.com\/s\/wp-json\/wp\/v2\/types\/post"}],"author":[{"embeddable":true,"href":"https:\/\/www.notaoficial.com\/s\/wp-json\/wp\/v2\/users\/2"}],"replies":[{"embeddable":true,"href":"https:\/\/www.notaoficial.com\/s\/wp-json\/wp\/v2\/comments?post=5047"}],"version-history":[{"count":1,"href":"https:\/\/www.notaoficial.com\/s\/wp-json\/wp\/v2\/posts\/5047\/revisions"}],"predecessor-version":[{"id":5049,"href":"https:\/\/www.notaoficial.com\/s\/wp-json\/wp\/v2\/posts\/5047\/revisions\/5049"}],"wp:featuredmedia":[{"embeddable":true,"href":"https:\/\/www.notaoficial.com\/s\/wp-json\/wp\/v2\/media\/5048"}],"wp:attachment":[{"href":"https:\/\/www.notaoficial.com\/s\/wp-json\/wp\/v2\/media?parent=5047"}],"wp:term":[{"taxonomy":"category","embeddable":true,"href":"https:\/\/www.notaoficial.com\/s\/wp-json\/wp\/v2\/categories?post=5047"},{"taxonomy":"post_tag","embeddable":true,"href":"https:\/\/www.notaoficial.com\/s\/wp-json\/wp\/v2\/tags?post=5047"}],"curies":[{"name":"wp","href":"https:\/\/api.w.org\/{rel}","templated":true}]}}