{"id":5056,"date":"2019-04-21T16:53:21","date_gmt":"2019-04-21T20:53:21","guid":{"rendered":"http:\/\/www.notaoficial.com\/s\/?p=5056"},"modified":"2019-04-21T12:59:00","modified_gmt":"2019-04-21T16:59:00","slug":"second-sorprende-a-sus-fans-con-la-publicacion-de-un-video-de-su-paso-por-el-teatro-circo-price-de-madrid","status":"publish","type":"post","link":"https:\/\/www.notaoficial.com\/s\/2019\/04\/21\/second-sorprende-a-sus-fans-con-la-publicacion-de-un-video-de-su-paso-por-el-teatro-circo-price-de-madrid\/","title":{"rendered":"Second sorprende a sus fans con la publicaci\u00f3n de un video de su paso por el Teatro Circo Price de Madrid"},"content":{"rendered":"<p>Anoche la banda murciana sorprend\u00eda a todos sus seguidores compartiendo en su Facebook Oficial un <strong>v\u00eddeo de la canci\u00f3n<\/strong> <strong><em>Teatro Infinito<\/em><\/strong>\u00a0<strong>grabado en directo<\/strong> durante su paso por el <strong>Teatro Circo Price de Madrid<\/strong>.<\/p>\n<p>De esta manera <strong>Second<\/strong> ha querido <strong>agradecer la buena acogida<\/strong> que ha tenido su nuevo trabajo <em><strong>Anillos y Ra\u00edces<\/strong><\/em>\u00a0despu\u00e9s de haber estado un a\u00f1o alejados de los escenarios.<\/p>\n<p>As\u00ed lo expresaban ellos mismos en su anuncio:<\/p>\n<p><em>\u201cEl Teatro Circo Price se hizo acreedor de un espacio \u201cInfinito\u201d en nuestra memoria gracias a vuestras voces, energ\u00eda y presencia\u2026 Y para celebrar el recibimiento que nos hab\u00e9is dado con \u201cAnillos y Ra\u00edces\u201d y su gira de salas, os queremos regalar este \u201cTeatro Infinito\u201d, con todo el cari\u00f1o\u2026\u201d<\/em><\/p>\n<p>El v\u00eddeo fue grabado el pasado<strong> 26 de enero<\/strong> por <strong>Digital Muffin<\/strong> aprovechando el <strong>concierto que la banda ofreci\u00f3 en Madrid dentro del ciclo Inverfest<\/strong> y donde volvieron a colgar el cartel de<strong> \u201centradas agotadas\u201d<\/strong> como ha sucedido en los 15 conciertos que han conformado esta gira.<\/p>\n<p>En estos momentos los chicos de Murcia est\u00e1n<strong> preparando su directo para iniciar la gira veraniega<\/strong> donde estar\u00e1n presentes en los <strong>principales festivales de este pa\u00eds. <\/strong>Adem\u00e1s,\u00a0hace poco y tambi\u00e9n a trav\u00e9s de sus redes sociales, nos anunciaron que su <strong>pr\u00f3ximo single ser\u00e1 <em>\u00bfQui\u00e9n pensaba en eso?<\/em> <\/strong>y ya est\u00e1n preparando nuevo videoclip.<\/p>\n","protected":false},"excerpt":{"rendered":"<p>Anoche la banda murciana sorprend\u00eda a todos sus seguidores compartiendo en su Facebook Oficial un v\u00eddeo de la canci\u00f3n Teatro Infinito\u00a0grabado en directo durante su paso por el Teatro Circo Price de Madrid. De esta manera Second ha querido agradecer la buena acogida que ha tenido su nuevo trabajo Anillos y Ra\u00edces\u00a0despu\u00e9s de haber estado [&hellip;]<\/p>\n","protected":false},"author":2,"featured_media":5057,"comment_status":"closed","ping_status":"open","sticky":false,"template":"","format":"standard","meta":[],"categories":[146],"tags":[6264,6265,1204,3804,6263],"wppr_data":[],"_links":{"self":[{"href":"https:\/\/www.notaoficial.com\/s\/wp-json\/wp\/v2\/posts\/5056"}],"collection":[{"href":"https:\/\/www.notaoficial.com\/s\/wp-json\/wp\/v2\/posts"}],"about":[{"href":"https:\/\/www.notaoficial.com\/s\/wp-json\/wp\/v2\/types\/post"}],"author":[{"embeddable":true,"href":"https:\/\/www.notaoficial.com\/s\/wp-json\/wp\/v2\/users\/2"}],"replies":[{"embeddable":true,"href":"https:\/\/www.notaoficial.com\/s\/wp-json\/wp\/v2\/comments?post=5056"}],"version-history":[{"count":1,"href":"https:\/\/www.notaoficial.com\/s\/wp-json\/wp\/v2\/posts\/5056\/revisions"}],"predecessor-version":[{"id":5058,"href":"https:\/\/www.notaoficial.com\/s\/wp-json\/wp\/v2\/posts\/5056\/revisions\/5058"}],"wp:featuredmedia":[{"embeddable":true,"href":"https:\/\/www.notaoficial.com\/s\/wp-json\/wp\/v2\/media\/5057"}],"wp:attachment":[{"href":"https:\/\/www.notaoficial.com\/s\/wp-json\/wp\/v2\/media?parent=5056"}],"wp:term":[{"taxonomy":"category","embeddable":true,"href":"https:\/\/www.notaoficial.com\/s\/wp-json\/wp\/v2\/categories?post=5056"},{"taxonomy":"post_tag","embeddable":true,"href":"https:\/\/www.notaoficial.com\/s\/wp-json\/wp\/v2\/tags?post=5056"}],"curies":[{"name":"wp","href":"https:\/\/api.w.org\/{rel}","templated":true}]}}