{"id":5096,"date":"2019-04-26T20:48:20","date_gmt":"2019-04-27T00:48:20","guid":{"rendered":"http:\/\/www.notaoficial.com\/s\/?p=5096"},"modified":"2019-04-26T16:51:26","modified_gmt":"2019-04-26T20:51:26","slug":"revolver-estrena-el-primer-single-de-su-basico-iv","status":"publish","type":"post","link":"https:\/\/www.notaoficial.com\/s\/2019\/04\/26\/revolver-estrena-el-primer-single-de-su-basico-iv\/","title":{"rendered":"Revolver estrena el primer single de su B\u00e1sico IV"},"content":{"rendered":"<p><strong>Revolver <\/strong>regresa con nuevo trabajo discogr\u00e1fico grabado en directo, <em><strong>B\u00e1sico IV<\/strong><\/em> (Compa\u00f1\u00eda de Canciones &#8211; Altafonte 2019).\u00a0El \u00e1lbum,<strong> grabado por sorpresa el pasado 23 de enero <\/strong>en un <strong>Circo Price <\/strong>de Madrid donde se colg\u00f3 el cartel de<strong> \u201centradas agotadas\u201d<\/strong>, llega<strong> trece a\u00f1os despu\u00e9s de la salida del anterior disco ac\u00fastico<\/strong>\u00a0firmado por Revolver. Sin duda, esta dilatada espera acrecienta la <strong>expectativa<\/strong> ante lo que se puede considerar un <strong>lanzamiento fundamental en la carrera de Carlos Go\u00f1i<\/strong>.<\/p>\n<p>El <strong><em>B\u00e1sico IV <\/em><\/strong>saldr\u00e1 a la venta el <strong>10 de mayo<\/strong> en formato\u00a0<strong>disco-libro<\/strong>\u00a0e incluir\u00e1 un <strong>CD <\/strong>de audio con<strong> 13 temas que nunca antes se habian grabado en un disco b\u00e1sico<\/strong> de Revolver y un<strong> DVD<\/strong> con <strong>18 canciones<\/strong>, <strong>dos de ellas tambi\u00e9n in\u00e9ditas\u00a0<\/strong>y <strong>tres que son una versi\u00f3n<\/strong> de canciones incluidas en el <em>B\u00e1sico I<\/em>. Adem\u00e1s, <strong>fotograf\u00edas de la grabaci\u00f3n del concierto<\/strong> realizadas por Irene Bernad y <strong>textos escritos del pu\u00f1o y letra de Carlos Go\u00f1i<\/strong> son otro de los tesoros que guarda este nuevo trabajo.<\/p>\n<p><strong><em>Si es por ti<\/em><\/strong> ha sido la canci\u00f3n elegida para ir abriendo camino al\u00a0<strong><em>B\u00e1sico IV<\/em><\/strong><em>.<\/em> Un concierto que justamente se grab\u00f3 la noche en la que <strong>se desped\u00eda la gira \u00ab25 a\u00f1os del B\u00e1sico I\u00bb<\/strong> y que convirti\u00f3 por sorpresa en <strong>protagonista a todo el p\u00fablico asistente\u00a0<\/strong>que llenaba\u00a0la sala ajeno a lo que all\u00ed iba a ocurrir ese d\u00eda.<\/p>\n<p><em>\u201cLa magia es extremadamente escurridiza, y si encima percibe que la quieres capturar para siempre, m\u00e1s a\u00fan. Creo que este disco tiene alguno de los momentos m\u00e1s m\u00e1gicos de toda mi carrera, y este tema representa uno de ellos&#8230;\u201d<\/em> <strong>Carlos Go\u00f1i<\/strong><\/p>\n<p>El single ya est\u00e1 <strong>disponible en todas las plataformas digitales <\/strong>y tambi\u00e9n la <strong>preventa<\/strong> del <strong><em>B\u00e1sico IV<\/em><\/strong> para quienes quieran conseguir el <strong>disco-libro firmado<\/strong>.<\/p>\n","protected":false},"excerpt":{"rendered":"<p>Revolver regresa con nuevo trabajo discogr\u00e1fico grabado en directo, B\u00e1sico IV (Compa\u00f1\u00eda de Canciones &#8211; Altafonte 2019).\u00a0El \u00e1lbum, grabado por sorpresa el pasado 23 de enero en un Circo Price de Madrid donde se colg\u00f3 el cartel de \u201centradas agotadas\u201d, llega trece a\u00f1os despu\u00e9s de la salida del anterior disco ac\u00fastico\u00a0firmado por Revolver. Sin duda, [&hellip;]<\/p>\n","protected":false},"author":2,"featured_media":5097,"comment_status":"closed","ping_status":"open","sticky":false,"template":"","format":"standard","meta":[],"categories":[146],"tags":[3652,5453,6315,3657],"wppr_data":[],"_links":{"self":[{"href":"https:\/\/www.notaoficial.com\/s\/wp-json\/wp\/v2\/posts\/5096"}],"collection":[{"href":"https:\/\/www.notaoficial.com\/s\/wp-json\/wp\/v2\/posts"}],"about":[{"href":"https:\/\/www.notaoficial.com\/s\/wp-json\/wp\/v2\/types\/post"}],"author":[{"embeddable":true,"href":"https:\/\/www.notaoficial.com\/s\/wp-json\/wp\/v2\/users\/2"}],"replies":[{"embeddable":true,"href":"https:\/\/www.notaoficial.com\/s\/wp-json\/wp\/v2\/comments?post=5096"}],"version-history":[{"count":1,"href":"https:\/\/www.notaoficial.com\/s\/wp-json\/wp\/v2\/posts\/5096\/revisions"}],"predecessor-version":[{"id":5098,"href":"https:\/\/www.notaoficial.com\/s\/wp-json\/wp\/v2\/posts\/5096\/revisions\/5098"}],"wp:featuredmedia":[{"embeddable":true,"href":"https:\/\/www.notaoficial.com\/s\/wp-json\/wp\/v2\/media\/5097"}],"wp:attachment":[{"href":"https:\/\/www.notaoficial.com\/s\/wp-json\/wp\/v2\/media?parent=5096"}],"wp:term":[{"taxonomy":"category","embeddable":true,"href":"https:\/\/www.notaoficial.com\/s\/wp-json\/wp\/v2\/categories?post=5096"},{"taxonomy":"post_tag","embeddable":true,"href":"https:\/\/www.notaoficial.com\/s\/wp-json\/wp\/v2\/tags?post=5096"}],"curies":[{"name":"wp","href":"https:\/\/api.w.org\/{rel}","templated":true}]}}