{"id":5181,"date":"2019-05-09T01:14:56","date_gmt":"2019-05-09T05:14:56","guid":{"rendered":"http:\/\/www.notaoficial.com\/s\/?p=5181"},"modified":"2019-05-08T21:17:15","modified_gmt":"2019-05-09T01:17:15","slug":"italia-y-francia-conmemoran-en-venezuela-los-500-anos-de-la-muerte-de-leonardo-da-vinci","status":"publish","type":"post","link":"https:\/\/www.notaoficial.com\/s\/2019\/05\/09\/italia-y-francia-conmemoran-en-venezuela-los-500-anos-de-la-muerte-de-leonardo-da-vinci\/","title":{"rendered":"Italia y Francia conmemoran en Venezuela los 500 a\u00f1os de la muerte de Leonardo Da Vinci"},"content":{"rendered":"<p>Italia y Francia se unen para conmemorar en Venezuela, con un concurso de Arte Contempor\u00e1neo, los\u00a0<strong>500 a\u00f1os de la muerte del genio Leonardo Da Vinci<\/strong>, cuyo legado universal est\u00e1 hoy m\u00e1s vigente que nunca.\u00a0<strong>Esta actividad se realiza en el marco de la programaci\u00f3n del Mes de Europa en Venezuela.<\/strong><\/p>\n<p>El mundo conmemora este mes de mayo el quinto centenario de la muerte del maestro del Renacimiento italiano Leonardo Da Vinci. Venezuela no es la excepci\u00f3n y lo celebra con un Concurso de Arte Contempor\u00e1neo denominado\u00a0<strong>\u201cEl C\u00e1lculo de las Proporciones\u201d (La percepci\u00f3n-el pensamiento-la imagen)<\/strong>, organizado por la Embajada de Italia y la Embajada de Francia en Venezuela, el Instituto Italiano de Cultura de Caracas y la Red de Alianzas Francesas en Venezuela, bajo el patrocinio del Ministerio de Relaciones Exteriores de Italia. Las obras que quedar\u00e1n seleccionadas estar\u00e1n expuestas desde el \u00faltimo trimestre del a\u00f1o en una galer\u00eda de la ciudad.<\/p>\n<p>Leonardo da Vinci, nacido el 15 de abril de 1452 en el peque\u00f1o pueblo toscano de Anchiano y fallecido el 2 de mayo de 1519 en Amboise, en Francia, ha sido sin duda el s\u00edmbolo perfecto del hombre renacentista, juntando en sus obras y en su pensamiento todos los \u00e1mbitos de la inteligencia, de la investigaci\u00f3n y de la creaci\u00f3n, desde la pintura hasta la arquitectura, desde la filosof\u00eda hasta la f\u00edsica, la astronom\u00eda, la anatom\u00eda, el estudio de las defensas militares, la anticipaci\u00f3n de fundamentales invenciones realizadas en los siglos sucesivos. En \u00e9l convergen los estudios que desde el fin de la Edad Media y a trav\u00e9s del Humanismo del siglo XV permitieron a la cultura europea poner al hombre en el centro del universo. La imagen simb\u00f3lica del Renacimiento es por lo tanto el Hombre Vitruviano dibujado por Leonardo,\u00a0<strong>\u201cEl Hombre es la medida de todas las cosas\u201d<\/strong>\u00a0ya as\u00ed definido por el fil\u00f3sofo griego Prot\u00e1goras.<\/p>\n<p><strong>Leonardo tambi\u00e9n simboliza la unidad de la cultura europea,<\/strong>\u00a0y de manera particular de la italiana y francesa, habi\u00e9ndose trasladado en 1516 en Francia y habiendo vivido y trabajado all\u00ed durante los \u00faltimos fecundos a\u00f1os de su vida, falleciendo finalmente en Amboise.<strong>\u00a0Tambi\u00e9n por esta raz\u00f3n los Presidentes de Francia e Italia Macron y Mattarella rindieron tributo juntos el 2 de mayo de este a\u00f1o en la ciudad francesa la memoria del genio universal.<\/strong><\/p>\n<p>\u201cLos 500 a\u00f1os de la muerte de Leonardo Da Vinci son el punto central para la celebraci\u00f3n de un esp\u00edritu que rebas\u00f3 las fronteras espacios temporales del fragmento m\u00ednimo de existencia que le toc\u00f3 vivir, frente al legado inconmensurable e inagotable de su obra. Da Vinci, tal y como lo demuestran sus grandes aportes a la historia de las ciencias y las artes, es uno de los pensadores y actores de mayor avanzada en la historia de la humanidad\u201d, sostiene\u00a0<strong>Lorena Gonz\u00e1lez Inneco<\/strong>, curadora del concurso.<\/p>\n<p>\u201cEste concurso de arte contempor\u00e1neo invita a los participantes a desplegar un nuevo C\u00e1lculo de las Proporciones. No obstante, m\u00e1s que una aseveraci\u00f3n, la idea principal es formular preguntas para alimentar las bases de un post-platonismo. En un mundo en caos constante, plagado de quiebres e incertidumbres,\u00a0<strong>los artistas participantes deber\u00e1n acudir a la percepci\u00f3n, al pensamiento y a la imagen como esferas de memorias en juego que les permitan preguntarse y preguntarnos por el lugar en d\u00f3nde estamos, por aquello que calculamos,<\/strong>\u00a0por cu\u00e1les son las variables de este aqu\u00ed y ahora de excepci\u00f3n\u201d, afirma Gonz\u00e1lez Inneco. \u201cEn un orbe plagado de atronadores movimientos iconogr\u00e1ficos, de verdades que van y vienen en medio de los marasmos de redes desenfrenadas por la informaci\u00f3n, el concurso espera encontrarse con obras que develen los caminos de estas nuevas proporciones y realidades, piezas que deliberen para encontrar miradas sensibles que nos permitan descifrar, al igual que Leonardo descifr\u00f3 el suyo, este mundo que hoy somos: (el mal y el bien, la belleza y el horror, el amor, el odio, el cuerpo, el alma, la mentira, la verdad\u2026)\u201d.<\/p>\n<p><strong>La convocatoria no tiene l\u00edmite de edad y est\u00e1 abierta a todas las disciplinas y expresiones pl\u00e1sticas: dibujo, pintura, grabado, cer\u00e1mica, escultura, fotograf\u00eda, instalaciones, nuevos medios, medios mixtos, performance, video art y arte sonoro.<\/strong>Podr\u00e1n participar todos los creadores de la comunidad art\u00edstica nacional e internacional, con una sola obra in\u00e9dita.\u00a0<strong>Las bases generales de la participaci\u00f3n se encuentran en la web del Instituto Italiano de Cultura de Caracas\u00a0<a href=\"https:\/\/venezuelasinfonica.us14.list-manage.com\/track\/click?u=21bb084c9a8b9e0c8f352ce67&amp;id=e42952f7e3&amp;e=e9b39756ca\" target=\"_blank\" rel=\"noopener\" data-saferedirecturl=\"https:\/\/www.google.com\/url?q=https:\/\/venezuelasinfonica.us14.list-manage.com\/track\/click?u%3D21bb084c9a8b9e0c8f352ce67%26id%3De42952f7e3%26e%3De9b39756ca&amp;source=gmail&amp;ust=1557449980833000&amp;usg=AFQjCNE8uRZEAh0Xlj87xSVc4AXKXKcfaA\">iiccaracas.esteri.it<\/a>, as\u00ed como tambi\u00e9n en la p\u00e1gina web de la Embajada de Francia\u00a0<a href=\"https:\/\/venezuelasinfonica.us14.list-manage.com\/track\/click?u=21bb084c9a8b9e0c8f352ce67&amp;id=679c3c86a4&amp;e=e9b39756ca\" target=\"_blank\" rel=\"noopener\" data-saferedirecturl=\"https:\/\/www.google.com\/url?q=https:\/\/venezuelasinfonica.us14.list-manage.com\/track\/click?u%3D21bb084c9a8b9e0c8f352ce67%26id%3D679c3c86a4%26e%3De9b39756ca&amp;source=gmail&amp;ust=1557449980833000&amp;usg=AFQjCNGCwv8f8XSn3W3pamvXURICQ0tzWQ\">ve.ambafrance.org<\/a><\/strong>\u00a0y los participantes deben inscribirse\u00a0<strong><a href=\"https:\/\/venezuelasinfonica.us14.list-manage.com\/track\/click?u=21bb084c9a8b9e0c8f352ce67&amp;id=172d33bc4d&amp;e=e9b39756ca\" target=\"_blank\" rel=\"noopener\" data-saferedirecturl=\"https:\/\/www.google.com\/url?q=https:\/\/venezuelasinfonica.us14.list-manage.com\/track\/click?u%3D21bb084c9a8b9e0c8f352ce67%26id%3D172d33bc4d%26e%3De9b39756ca&amp;source=gmail&amp;ust=1557449980833000&amp;usg=AFQjCNFVtZCnqOalvzo7CjSa5GTbJoEwyQ\">bit.ly\/<wbr \/>DaVinciVenezuela<\/a><\/strong>\u00a0y enviar los recaudos al correo\u00a0<strong><a href=\"mailto:elcalculodelasproporciones@gmail.com?subject=Inscripci%C3%B3n%20y%20Recaudos%20Concurso%20de%20Arte%20Contempor%C3%A1neo%20denominado%20%E2%80%9CEl%20C%C3%A1lculo%20de%20las%20Proporciones&amp;body=Nombres%20y%20Apellidos%3A%0A%0AEdad%3A%0A%0ASexo%3A%0A%0ADocumento%20de%20identidad%20C.I%20o%20N%C3%BAmero%20de%20Pasaporte%3A%0A%0APa%C3%ADs%20de%20Residencia%3A%0A%0ADirecci%C3%B3n%3A%0A%0A%0ATel%C3%A9fono%20contacto%3A%0A%0ADirecci%C3%B3n%20de%20mail%3A%0A%0AFicha%20t%C3%A9cnica%20de%20la%20obra%20(T%C3%ADtulo%2C%20medidas%2C%20materiales%2C%20t%C3%A9cnica)%20%0A%0ADescripci%C3%B3n%20de%20la%20obra%3A%0A%0AEn%20caso%20de%20tratarse%20la%20obra%20de%20una%20instalaci%C3%B3n%20o%20proyecto%20especial%20deber%C3%A1%20consignarse%20el%20proyecto%20y%2Fo%20maqueta%20con%20descripciones%20detalladas.%20Puede%20adjuntar%20archivos%20en%20formato%20word%2C%20acrobat%2C%20jpg%20y%20png.%0A%0AResumen%20curricular%20de%20no%20m%C3%A1s%20de%203%20cuartillas%20(formato%20pdf%20y%20word)%20tama%C3%B1o%20m%C3%A1ximo%201MB%20*%0A%0AFotograf%C3%ADa(s)%20identificada(s)%20de%20la%20obra%20(para%20efecto%20de%20cat%C3%A1logo)%2C%20en%20alta%20resoluci%C3%B3n%20(300%20DPI)%20y%20en%20formato%20JPG%20o%20PNG.%20Tama%C3%B1o%20m%C3%A1ximo%201MB%20*%0A%0AFotograf%C3%ADa%20personal%20(para%20efecto%20de%20cat%C3%A1logo)%20en%20alta%20resoluci%C3%B3n%20300%20dpi.%20Tama%C3%B1o%20m%C3%A1ximo%201MB%20*%0A%0AAceptaci%C3%B3n%20*%0AAl%20completar%20esta%20inscripci%C3%B3n%20usted%20ha%20entendido%20y%20aceptado%20los%20bases%20generales%20del%20Concurso%20%22El%20C%C3%A1lculo%20de%20las%20Proporciones%22%20(La%20percepci%C3%B3n-el%20pensamiento-la%20imagen)%20publicadas%20en%20la%20web%20iiccaracas.esteri.it%20y%20ve.ambafrance.org%2F%20Direcci%C3%B3n%20y%20tel%C3%A9fonos%20de%20contacto%3A%20Instituto%20Italiano%20de%20Cultura%20de%20Caracas%20Av.%20San%20Juan%20Bosco%20entre%205ta%20y%206ta%20Transversal%2C%20Qta.%20Mar%C3%ADa%2C%20Altamira%20-%20Caracas%201060%20Telf.%200058-212-267.04.40%20y%200058-212-267.91.43%20Fax.%200058-212-265.06.12%20%0A%0AHe%20le%C3%ADdo%20y%20acepto%20las%20condiciones%20generales%20del%20Concurso%20%22El%20C%C3%A1lculo%20de%20las%20Proporciones%22%20(La%20percepci%C3%B3n-el%20pensamiento-la%20imagen)%0AInscripciones%3A%20Del%20Lunes%2006%20de%20mayo%20al%20domingo%2007%20de%20julio%20de%202019.%20*\" target=\"_blank\" rel=\"noopener\">elcalculodelasproporcio<wbr \/>nes@gmail.com<\/a><\/strong>\u00a0hasta el 7 de julio de 2019.<\/p>\n<p>El tema girar\u00e1 en torno a la figura de Leonardo Da Vinci, en el marco de la conmemoraci\u00f3n de los 500 a\u00f1os de su muerte. Sin embargo, como destaca la curadora Gonz\u00e1lez Inneco:\u00a0<strong>\u201cEl c\u00e1lculo de las proporciones\u201d (percepci\u00f3n-pensamiento-<wbr \/>imagen)<\/strong>\u00a0no pretende reproducciones o simulaciones de la obra de Leonardo Da Vinci. Quiere, al contrario, funcionar como una escritura invertida, reflejo ilegible pero presagiado que active en cada participante la flama de elaboraci\u00f3n de ese pensamiento, pero no como copia, sino como fervor espont\u00e1neo de su propia actividad\u201d.<\/p>\n<p>El\u00a0<strong>primer premio constar\u00e1 de 500 d\u00f3lares<\/strong>\u00a0<strong>de igual modo, para el segundo premio se otorgar\u00e1n 300 d\u00f3lares.<\/strong>\u00a0Ser\u00e1n conferidas las menciones honor\u00edficas que el jurado considere necesarias. El anuncio de los artistas seleccionados para la exposici\u00f3n ser\u00e1 el lunes 22 de julio, para luego realizarse en el \u00faltimo trimestre del a\u00f1o, la inauguraci\u00f3n de la exposici\u00f3n y el anuncio de los ganadores.<\/p>\n<p>Como organizadores del concurso\u00a0<strong>\u201cEl c\u00e1lculo de las proporciones\u201d (percepci\u00f3n-pensamiento-<wbr \/>imagen)\u00a0<\/strong>las Embajadas de Italia y de Francia en Venezuela, esperan una gran receptividad de parte de los artistas y creadores para homenajear al genio Leonardo Da Vinci y su extraordinario legado para la humanidad.<\/p>\n","protected":false},"excerpt":{"rendered":"<p>Italia y Francia se unen para conmemorar en Venezuela, con un concurso de Arte Contempor\u00e1neo, los\u00a0500 a\u00f1os de la muerte del genio Leonardo Da Vinci, cuyo legado universal est\u00e1 hoy m\u00e1s vigente que nunca.\u00a0Esta actividad se realiza en el marco de la programaci\u00f3n del Mes de Europa en Venezuela. El mundo conmemora este mes de [&hellip;]<\/p>\n","protected":false},"author":2,"featured_media":5182,"comment_status":"closed","ping_status":"open","sticky":false,"template":"","format":"standard","meta":[],"categories":[463,2],"tags":[229,960,6398,6399],"wppr_data":[],"_links":{"self":[{"href":"https:\/\/www.notaoficial.com\/s\/wp-json\/wp\/v2\/posts\/5181"}],"collection":[{"href":"https:\/\/www.notaoficial.com\/s\/wp-json\/wp\/v2\/posts"}],"about":[{"href":"https:\/\/www.notaoficial.com\/s\/wp-json\/wp\/v2\/types\/post"}],"author":[{"embeddable":true,"href":"https:\/\/www.notaoficial.com\/s\/wp-json\/wp\/v2\/users\/2"}],"replies":[{"embeddable":true,"href":"https:\/\/www.notaoficial.com\/s\/wp-json\/wp\/v2\/comments?post=5181"}],"version-history":[{"count":1,"href":"https:\/\/www.notaoficial.com\/s\/wp-json\/wp\/v2\/posts\/5181\/revisions"}],"predecessor-version":[{"id":5183,"href":"https:\/\/www.notaoficial.com\/s\/wp-json\/wp\/v2\/posts\/5181\/revisions\/5183"}],"wp:featuredmedia":[{"embeddable":true,"href":"https:\/\/www.notaoficial.com\/s\/wp-json\/wp\/v2\/media\/5182"}],"wp:attachment":[{"href":"https:\/\/www.notaoficial.com\/s\/wp-json\/wp\/v2\/media?parent=5181"}],"wp:term":[{"taxonomy":"category","embeddable":true,"href":"https:\/\/www.notaoficial.com\/s\/wp-json\/wp\/v2\/categories?post=5181"},{"taxonomy":"post_tag","embeddable":true,"href":"https:\/\/www.notaoficial.com\/s\/wp-json\/wp\/v2\/tags?post=5181"}],"curies":[{"name":"wp","href":"https:\/\/api.w.org\/{rel}","templated":true}]}}