{"id":5227,"date":"2019-05-13T20:07:13","date_gmt":"2019-05-14T00:07:13","guid":{"rendered":"http:\/\/www.notaoficial.com\/s\/?p=5227"},"modified":"2019-05-13T19:11:15","modified_gmt":"2019-05-13T23:11:15","slug":"cines-unidos-y-la-catedra-del-pop-se-unen-para-ofrecer-el-mejor-entretenimiento-a-los-fanaticos","status":"publish","type":"post","link":"https:\/\/www.notaoficial.com\/s\/2019\/05\/13\/cines-unidos-y-la-catedra-del-pop-se-unen-para-ofrecer-el-mejor-entretenimiento-a-los-fanaticos\/","title":{"rendered":"Cines Unidos y La C\u00e1tedra del Pop se unen para ofrecer el mejor entretenimiento a los fan\u00e1ticos"},"content":{"rendered":"<p>Cines Unidos busca ofrecer nuevas opciones de entretenimiento con espacios alternativos para los aficionados de la cultura pop y anuncia su alianza con \u201cLa C\u00e1tedra del Pop\u201d, un espacio de encuentro para los fan\u00e1ticos, que se desarrollar\u00e1 desde el pr\u00f3ximo domingo 19 de mayo hasta el 7 de julio, durante ocho domingos en la sala 8 de Cines Unidos L\u00edder a la 1:00 P.M. .<\/p>\n<p>\u201cLas salas de Cines Unidos, son espacios propicios para ofrecer nuevas experiencias y disfrute para nuestros invitados, es por ello que hemos puesto especial atenci\u00f3n en contenidos que ganen valor al ser apreciados en la gran pantalla. La uni\u00f3n con La C\u00e1tedra del POP, nos permite reafirmar que Cines Unidos es mucho m\u00e1s que pel\u00edculas\u201d, afirm\u00f3 Alberto Carrasquero, vicepresidente de operaciones y mercadeo de Cines Unidos<\/p>\n<p>Los conversatorios semanales conducidos por el reconocido periodista Luis Carlos D\u00edaz, desarrollar\u00e1n temas de la cultura pop dirigidos especialmente para los fan\u00e1ticos que quieran disfrutar, conocer y aprender m\u00e1s sobre sus contenidos favoritos. Cada show de la C\u00e1tedra del POP tendr\u00e1 una duraci\u00f3n de 1 hora y 30 minutos.<\/p>\n<p>La primera edici\u00f3n del 19 de mayo, estar\u00e1 dedicada a la serie Game Of Thrones: El Poder y la Gloria, coincidiendo con el domingo en que se transmite el cap\u00edtulo final de la \u00faltima temporada de la afamada serie televisiva. Los fan\u00e1ticos que asistan podr\u00e1n disfrutar de una din\u00e1mica interactiva sobre este mundo b\u00e9lico ansioso por el trono.<\/p>\n<p>En este nuevo ciclo de la C\u00e1tedra del POP en Cines Unidos, los asistentes podr\u00e1n disfrutar de diversos t\u00f3picos relacionados con pel\u00edculas, series, c\u00f3mics y videojuegos en compa\u00f1\u00eda de invitados especiales que, junto con Luis Carlos, expondr\u00e1n curiosidades y puntos interesantes sobre cada tema.<\/p>\n<p>Las entradas podr\u00e1n ser adquiridas ingresando a la p\u00e1gina web CINESUNIDOS.COM o compr\u00e1ndolas directamente en taquilla. \u201cCon actividades como esta, la empresa reafirma, una vez m\u00e1s, el compromiso con su p\u00fablico; buscando siempre innovar, diversificar sus actividades y apoyar iniciativas que exalten el talento venezolano\u201d, finaliz\u00f3 Carrasquero.<\/p>\n","protected":false},"excerpt":{"rendered":"<p>Cines Unidos busca ofrecer nuevas opciones de entretenimiento con espacios alternativos para los aficionados de la cultura pop y anuncia su alianza con \u201cLa C\u00e1tedra del Pop\u201d, un espacio de encuentro para los fan\u00e1ticos, que se desarrollar\u00e1 desde el pr\u00f3ximo domingo 19 de mayo hasta el 7 de julio, durante ocho domingos en la sala [&hellip;]<\/p>\n","protected":false},"author":2,"featured_media":5228,"comment_status":"closed","ping_status":"open","sticky":false,"template":"","format":"standard","meta":[],"categories":[4747,93,2],"tags":[4770,6445,6444,2798],"wppr_data":[],"_links":{"self":[{"href":"https:\/\/www.notaoficial.com\/s\/wp-json\/wp\/v2\/posts\/5227"}],"collection":[{"href":"https:\/\/www.notaoficial.com\/s\/wp-json\/wp\/v2\/posts"}],"about":[{"href":"https:\/\/www.notaoficial.com\/s\/wp-json\/wp\/v2\/types\/post"}],"author":[{"embeddable":true,"href":"https:\/\/www.notaoficial.com\/s\/wp-json\/wp\/v2\/users\/2"}],"replies":[{"embeddable":true,"href":"https:\/\/www.notaoficial.com\/s\/wp-json\/wp\/v2\/comments?post=5227"}],"version-history":[{"count":1,"href":"https:\/\/www.notaoficial.com\/s\/wp-json\/wp\/v2\/posts\/5227\/revisions"}],"predecessor-version":[{"id":5229,"href":"https:\/\/www.notaoficial.com\/s\/wp-json\/wp\/v2\/posts\/5227\/revisions\/5229"}],"wp:featuredmedia":[{"embeddable":true,"href":"https:\/\/www.notaoficial.com\/s\/wp-json\/wp\/v2\/media\/5228"}],"wp:attachment":[{"href":"https:\/\/www.notaoficial.com\/s\/wp-json\/wp\/v2\/media?parent=5227"}],"wp:term":[{"taxonomy":"category","embeddable":true,"href":"https:\/\/www.notaoficial.com\/s\/wp-json\/wp\/v2\/categories?post=5227"},{"taxonomy":"post_tag","embeddable":true,"href":"https:\/\/www.notaoficial.com\/s\/wp-json\/wp\/v2\/tags?post=5227"}],"curies":[{"name":"wp","href":"https:\/\/api.w.org\/{rel}","templated":true}]}}