{"id":5307,"date":"2019-05-21T18:13:39","date_gmt":"2019-05-21T22:13:39","guid":{"rendered":"http:\/\/www.notaoficial.com\/s\/?p=5307"},"modified":"2019-05-21T10:16:59","modified_gmt":"2019-05-21T14:16:59","slug":"the-wall-de-samsung-gana-codiciado-premio-del-sector-de-visualizacion","status":"publish","type":"post","link":"https:\/\/www.notaoficial.com\/s\/2019\/05\/21\/the-wall-de-samsung-gana-codiciado-premio-del-sector-de-visualizacion\/","title":{"rendered":"\u00abThe Wall\u00bb de Samsung gana codiciado premio del sector de visualizaci\u00f3n"},"content":{"rendered":"<p style=\"text-align: center;\">\u0399\u03c9\u03ac\u03bd\u03bd\u03b7\u03c2 \u039a\u03b1\u03c1\u03b1\u03b3\u03b5\u03c9\u03c1\u03b3\u03b7\u03c2<\/p>\n<p>Samsung Electronics Co., Ltd. anunci\u00f3 hoy que ha sido galardonada con el premio \u00abDisplay of the Year\u00bb de la Society for Information Display (SID) por su innovadora pantalla modular MicroLED, The Wall. Con una experiencia de visualizaci\u00f3n revolucionaria, The Wall presenta im\u00e1genes en negro puro, color verdadero y claridad incomparable.<\/p>\n<p>\u00abEs un honor para nosotros ser reconocidos con un premio tan prestigioso en el sector\u00bb, coment\u00f3 Seog-gi Kim, Vicepresidente ejecutivo de Visual Display Business en Samsung Electronics. \u00abEstamos muy orgullosos del avance tecnol\u00f3gico y la innovaci\u00f3n que incorpora The Wall y de ver que la pantalla realmente est\u00e1 haciendo progresar a todo el sector\u00bb.<\/p>\n<p>The Wall es una pantalla modular de gran formato que cuenta con tecnolog\u00eda MicroLED. MicroLED es la tecnolog\u00eda de pantalla m\u00e1s reciente para comercializaci\u00f3n en m\u00e1s de una d\u00e9cada. Ofrece cualidades de color inherentes que producen colores intensos y a la vez naturales para obtener una experiencia visual impresionante y ventajas significativas en comparaci\u00f3n con las pantallas tradicionales.<\/p>\n<p>El dise\u00f1o infinito delgado y la estructura modular permiten que la pantalla se mezcle sutilmente con su entorno. Adem\u00e1s, su marco de decoraci\u00f3n personalizable crea un aspecto elegante y sofisticado desde todos los \u00e1ngulos para adaptarse a cualquier espacio dom\u00e9stico o comercial.<\/p>\n<p>Los 2019 Display Industry Awards (DIA) que otorga la Society for Information Display reconocen productos, componentes y aplicaciones de visualizaci\u00f3n innovadores que representan las posibilidades m\u00e1s prometedoras para el futuro del sector de pantallas en todo el mundo. Los DIA se otorgan cada a\u00f1o en tres categor\u00edas: Pantalla del a\u00f1o, Aplicaci\u00f3n de visualizaci\u00f3n del a\u00f1o y Componente de pantalla del a\u00f1o.<\/p>\n<p>\u00abNos complace otorgarle a Samsung Electronics el premio \u00abDisplay of the Year\u00bb por su pantalla modular MicroLED, The Wall\u00bb, coment\u00f3 Wei Chen, Presidente del Comit\u00e9 de premios del sector de visualizaci\u00f3n de la SID. \u201cLos Display Industry Awards son el mayor honor que brinda la SID, con el objetivo de reconocer los mejores productos o aplicaciones de visualizaci\u00f3n introducidos en el mercado durante el a\u00f1o calendario anterior. En nombre de la SID, aplaudimos el compromiso continuo de Samsung con la innovaci\u00f3n y con su ayuda para definir el futuro del rendimiento y las soluciones en materia de visualizaci\u00f3n\u00bb.<\/p>\n<p>El 2019 DIA se le entregar\u00e1 a Stephen Choi, Vicepresidente de Samsung y Jefe del Departamento de visualizaci\u00f3n de Am\u00e9rica del Norte, en el Almuerzo del Simposio del 15 de mayo, durante la Display Week 2019: el \u00abSID Annual International Symposium, Seminar and Exhibition\u00bb en San Jos\u00e9, California.<\/p>\n<p>Para conocer las \u00faltimas noticias, por favor visite la Sala de Prensa de Samsung en <a href=\"http:\/\/news.samsung.com\/latin\">http:\/\/news.samsung.com\/latin<\/a><\/p>\n<p>Por favor comparte tus comentarios en nuestras redes: Facebook\u00a0<a href=\"https:\/\/www.facebook.com\/SamsungLatinoamerica\/\">Samsung<\/a>, Instagram\u00a0<a href=\"https:\/\/www.instagram.com\/samsunglatin\/\">@SamsungLatin<\/a>\u00a0y Twitter:\u00a0<a href=\"https:\/\/twitter.com\/search?q=%40samsunglatin&amp;src=typd\">@SamsungLatin<\/a><\/p>\n<p><u>\u00a0<\/u><\/p>\n<p><strong><u>Sobre Samsung Electronics Co., Ltd.<br \/>\n<\/u><\/strong>Samsung inspira al mundo y dise\u00f1a el futuro con ideas y tecnolog\u00edas innovadoras. La compa\u00f1\u00eda est\u00e1 redefiniendo el mundo de las TVs,\u00a0<em>smartphones, wearables<\/em>, tabletas, electrodom\u00e9sticos, sistemas de conexi\u00f3n y memoria, sistema<em>\u00a0LSI<\/em>, fundici\u00f3n semiconductores y soluciones LED<\/p>\n","protected":false},"excerpt":{"rendered":"<p>\u0399\u03c9\u03ac\u03bd\u03bd\u03b7\u03c2 \u039a\u03b1\u03c1\u03b1\u03b3\u03b5\u03c9\u03c1\u03b3\u03b7\u03c2 Samsung Electronics Co., Ltd. anunci\u00f3 hoy que ha sido galardonada con el premio \u00abDisplay of the Year\u00bb de la Society for Information Display (SID) por su innovadora pantalla modular MicroLED, The Wall. Con una experiencia de visualizaci\u00f3n revolucionaria, The Wall presenta im\u00e1genes en negro puro, color verdadero y claridad incomparable. \u00abEs un honor [&hellip;]<\/p>\n","protected":false},"author":2,"featured_media":5308,"comment_status":"closed","ping_status":"open","sticky":false,"template":"","format":"standard","meta":[],"categories":[93,4875,2],"tags":[6032,6446,6031,6030,4948,2364,5039,5582,6448,6447],"wppr_data":[],"_links":{"self":[{"href":"https:\/\/www.notaoficial.com\/s\/wp-json\/wp\/v2\/posts\/5307"}],"collection":[{"href":"https:\/\/www.notaoficial.com\/s\/wp-json\/wp\/v2\/posts"}],"about":[{"href":"https:\/\/www.notaoficial.com\/s\/wp-json\/wp\/v2\/types\/post"}],"author":[{"embeddable":true,"href":"https:\/\/www.notaoficial.com\/s\/wp-json\/wp\/v2\/users\/2"}],"replies":[{"embeddable":true,"href":"https:\/\/www.notaoficial.com\/s\/wp-json\/wp\/v2\/comments?post=5307"}],"version-history":[{"count":1,"href":"https:\/\/www.notaoficial.com\/s\/wp-json\/wp\/v2\/posts\/5307\/revisions"}],"predecessor-version":[{"id":5309,"href":"https:\/\/www.notaoficial.com\/s\/wp-json\/wp\/v2\/posts\/5307\/revisions\/5309"}],"wp:featuredmedia":[{"embeddable":true,"href":"https:\/\/www.notaoficial.com\/s\/wp-json\/wp\/v2\/media\/5308"}],"wp:attachment":[{"href":"https:\/\/www.notaoficial.com\/s\/wp-json\/wp\/v2\/media?parent=5307"}],"wp:term":[{"taxonomy":"category","embeddable":true,"href":"https:\/\/www.notaoficial.com\/s\/wp-json\/wp\/v2\/categories?post=5307"},{"taxonomy":"post_tag","embeddable":true,"href":"https:\/\/www.notaoficial.com\/s\/wp-json\/wp\/v2\/tags?post=5307"}],"curies":[{"name":"wp","href":"https:\/\/api.w.org\/{rel}","templated":true}]}}