{"id":5341,"date":"2019-05-23T21:30:48","date_gmt":"2019-05-24T01:30:48","guid":{"rendered":"http:\/\/www.notaoficial.com\/s\/?p=5341"},"modified":"2019-05-23T18:39:04","modified_gmt":"2019-05-23T22:39:04","slug":"la-catedra-del-pop-analiza-el-final-de-game-of-thrones-en-cines-unidos","status":"publish","type":"post","link":"https:\/\/www.notaoficial.com\/s\/2019\/05\/23\/la-catedra-del-pop-analiza-el-final-de-game-of-thrones-en-cines-unidos\/","title":{"rendered":"La C\u00e1tedra del Pop analiza el final de Game of Thrones en Cines Unidos"},"content":{"rendered":"<p>Este domingo 26 de mayo a la 1:00 pm los fan\u00e1ticos de Games Of Thrones tienen otro encuentro en Cines Unidos L\u00edder para analizar el tan esperado y pol\u00e9mico \u00faltimo cap\u00edtulo de la exitosa saga televisiva, en una nueva edici\u00f3n de la C\u00e1tedra del POP.<\/p>\n<p>\u00abGame of Thrones fue una maravilla. Con el cierre de la saga, ahora podemos complacer a los entusiastas de la serie con nuevos an\u00e1lisis y una visi\u00f3n completa despu\u00e9s de la transmisi\u00f3n del \u00faltimo cap\u00edtulo. La C\u00e1tedra del POP creci\u00f3 y lleg\u00f3 a la mejor sala que puede haber en Venezuela\u201d expres\u00f3 el periodista Luis Carlos D\u00edaz<\/p>\n<p>El pasado domingo 19 de mayo se dio inicio a la segunda temporada de la C\u00e1tedra del Pop en la sala 8 de Cines Unidos L\u00edder. A casa llena, su conductor, Luis Carlos D\u00edaz, y los catedr\u00e1ticos de este primer encuentro analizaron a fondo la exitosa serie de HBO. Esta semana, nuevamente, se reunir\u00e1n Oswaldo Ram\u00edrez consultor pol\u00edtico, Sashenka Garc\u00eda experta en narrativa y Naky Soto quien har\u00e1 un an\u00e1lisis del discurso pol\u00edtico de algunos personajes. Cada uno aportar\u00e1 su punto de vista con respecto a su \u00e1rea de conocimiento y entretendr\u00e1n a los fan\u00e1ticos con sus impresiones.<\/p>\n<p>\u201cEl primer encuentro tuvo mucha receptividad por parte del p\u00fablico, las expectativas se sobrepasaron y estamos en puertas de una gran temporada. Estamos convencidos de que nuestra estrategia de diversificaci\u00f3n de contenido seguir\u00e1 siendo exitosa y reiteramos la invitaci\u00f3n a este espacio alternativo en Cines Unidos\u201d, afirm\u00f3 Alberto Carrasquero, vicepresidente de Operaciones y Mercadeo<\/p>\n<p>Las entradas se pueden adquirir a trav\u00e9s de la web, CINESUNIDOS.com y en las taquillas de Cines Unidos L\u00edder. Cines Unidos contin\u00faa apoyando iniciativas venezolanas y apostando por el pa\u00eds.<\/p>\n","protected":false},"excerpt":{"rendered":"<p>Este domingo 26 de mayo a la 1:00 pm los fan\u00e1ticos de Games Of Thrones tienen otro encuentro en Cines Unidos L\u00edder para analizar el tan esperado y pol\u00e9mico \u00faltimo cap\u00edtulo de la exitosa saga televisiva, en una nueva edici\u00f3n de la C\u00e1tedra del POP. \u00abGame of Thrones fue una maravilla. Con el cierre de [&hellip;]<\/p>\n","protected":false},"author":2,"featured_media":5342,"comment_status":"closed","ping_status":"open","sticky":false,"template":"","format":"standard","meta":[],"categories":[4747,93,2],"tags":[6517,6515,4770,2239,1787,1785,1786,2798,1889,6516,4568],"wppr_data":[],"_links":{"self":[{"href":"https:\/\/www.notaoficial.com\/s\/wp-json\/wp\/v2\/posts\/5341"}],"collection":[{"href":"https:\/\/www.notaoficial.com\/s\/wp-json\/wp\/v2\/posts"}],"about":[{"href":"https:\/\/www.notaoficial.com\/s\/wp-json\/wp\/v2\/types\/post"}],"author":[{"embeddable":true,"href":"https:\/\/www.notaoficial.com\/s\/wp-json\/wp\/v2\/users\/2"}],"replies":[{"embeddable":true,"href":"https:\/\/www.notaoficial.com\/s\/wp-json\/wp\/v2\/comments?post=5341"}],"version-history":[{"count":1,"href":"https:\/\/www.notaoficial.com\/s\/wp-json\/wp\/v2\/posts\/5341\/revisions"}],"predecessor-version":[{"id":5343,"href":"https:\/\/www.notaoficial.com\/s\/wp-json\/wp\/v2\/posts\/5341\/revisions\/5343"}],"wp:featuredmedia":[{"embeddable":true,"href":"https:\/\/www.notaoficial.com\/s\/wp-json\/wp\/v2\/media\/5342"}],"wp:attachment":[{"href":"https:\/\/www.notaoficial.com\/s\/wp-json\/wp\/v2\/media?parent=5341"}],"wp:term":[{"taxonomy":"category","embeddable":true,"href":"https:\/\/www.notaoficial.com\/s\/wp-json\/wp\/v2\/categories?post=5341"},{"taxonomy":"post_tag","embeddable":true,"href":"https:\/\/www.notaoficial.com\/s\/wp-json\/wp\/v2\/tags?post=5341"}],"curies":[{"name":"wp","href":"https:\/\/api.w.org\/{rel}","templated":true}]}}