{"id":5347,"date":"2019-05-24T10:25:51","date_gmt":"2019-05-24T14:25:51","guid":{"rendered":"http:\/\/www.notaoficial.com\/s\/?p=5347"},"modified":"2019-05-24T10:25:51","modified_gmt":"2019-05-24T14:25:51","slug":"tito-pelucas-debuta-con-wacateeyeey","status":"publish","type":"post","link":"https:\/\/www.notaoficial.com\/s\/2019\/05\/24\/tito-pelucas-debuta-con-wacateeyeey\/","title":{"rendered":"Tito Pelucas debuta con \u00abWacateeyeey\u00bb"},"content":{"rendered":"<p align=\"justify\">On Top Records apuesta a su nuevo talento Tito Pelucas con el tema \u00ab<a href=\"https:\/\/sable.madmimi.com\/c\/28511?id=10539824.12339.1.ad4cfc69c77728da70eb5c6bc80a93e1\" target=\"_blank\" rel=\"noopener\" data-saferedirecturl=\"https:\/\/www.google.com\/url?q=https:\/\/sable.madmimi.com\/c\/28511?id%3D10539824.12339.1.ad4cfc69c77728da70eb5c6bc80a93e1&amp;source=gmail&amp;ust=1558794228849000&amp;usg=AFQjCNHnhZ5w-eNKGs1pXwWYwv0OlnAa9A\">Wacateeyeey<\/a>\u00bb un merengue mambo realizado de una manera jocosa pensado en el bailador de discotecas y adem\u00e1s en el gusto popular de todas las edades.<\/p>\n<p align=\"justify\">\u00abQuisimos presentar un artista diferente, sin mostrar su identidad, solo tratando de presentar m\u00fasica bailable para que la gente disfrute y la pase bien\u00bb expres\u00f3 <strong>Jos\u00e9 Amada Jr.<\/strong>, presidente de On Top Records, quienes representan este personaje por el momento misterioso que a partir de este viernes se dar\u00e1 a conocer su m\u00fasica.<\/p>\n<p align=\"justify\">El tema \u00abWacateeyeey\u00bb sale a la venta este viernes por todas las plataformas digitales, adem\u00e1s pr\u00f3ximamente se anunciar\u00e1 el v\u00eddeo musical que acompa\u00f1ara la promoci\u00f3n de este corte.<\/p>\n<p>&nbsp;<\/p>\n","protected":false},"excerpt":{"rendered":"<p>On Top Records apuesta a su nuevo talento Tito Pelucas con el tema \u00abWacateeyeey\u00bb un merengue mambo realizado de una manera jocosa pensado en el bailador de discotecas y adem\u00e1s en el gusto popular de todas las edades. \u00abQuisimos presentar un artista diferente, sin mostrar su identidad, solo tratando de presentar m\u00fasica bailable para que [&hellip;]<\/p>\n","protected":false},"author":2,"featured_media":5348,"comment_status":"closed","ping_status":"open","sticky":false,"template":"","format":"standard","meta":[],"categories":[463,2],"tags":[6522,6523,6520,6521],"wppr_data":[],"_links":{"self":[{"href":"https:\/\/www.notaoficial.com\/s\/wp-json\/wp\/v2\/posts\/5347"}],"collection":[{"href":"https:\/\/www.notaoficial.com\/s\/wp-json\/wp\/v2\/posts"}],"about":[{"href":"https:\/\/www.notaoficial.com\/s\/wp-json\/wp\/v2\/types\/post"}],"author":[{"embeddable":true,"href":"https:\/\/www.notaoficial.com\/s\/wp-json\/wp\/v2\/users\/2"}],"replies":[{"embeddable":true,"href":"https:\/\/www.notaoficial.com\/s\/wp-json\/wp\/v2\/comments?post=5347"}],"version-history":[{"count":1,"href":"https:\/\/www.notaoficial.com\/s\/wp-json\/wp\/v2\/posts\/5347\/revisions"}],"predecessor-version":[{"id":5349,"href":"https:\/\/www.notaoficial.com\/s\/wp-json\/wp\/v2\/posts\/5347\/revisions\/5349"}],"wp:featuredmedia":[{"embeddable":true,"href":"https:\/\/www.notaoficial.com\/s\/wp-json\/wp\/v2\/media\/5348"}],"wp:attachment":[{"href":"https:\/\/www.notaoficial.com\/s\/wp-json\/wp\/v2\/media?parent=5347"}],"wp:term":[{"taxonomy":"category","embeddable":true,"href":"https:\/\/www.notaoficial.com\/s\/wp-json\/wp\/v2\/categories?post=5347"},{"taxonomy":"post_tag","embeddable":true,"href":"https:\/\/www.notaoficial.com\/s\/wp-json\/wp\/v2\/tags?post=5347"}],"curies":[{"name":"wp","href":"https:\/\/api.w.org\/{rel}","templated":true}]}}