{"id":5353,"date":"2019-05-24T15:29:07","date_gmt":"2019-05-24T19:29:07","guid":{"rendered":"http:\/\/www.notaoficial.com\/s\/?p=5353"},"modified":"2019-05-24T10:31:28","modified_gmt":"2019-05-24T14:31:28","slug":"dry-martina-presenta-el-videoclip-de-tu-quieres-mambo","status":"publish","type":"post","link":"https:\/\/www.notaoficial.com\/s\/2019\/05\/24\/dry-martina-presenta-el-videoclip-de-tu-quieres-mambo\/","title":{"rendered":"Dry Martina presenta el videoclip de T\u00fa quieres mambo"},"content":{"rendered":"<p>La artista malague\u00f1a Laura Insausti, o lo que es lo mismo, <strong>Dry Martina<\/strong>, volv\u00eda con fuerza hace una semanas para presentar\u00a0su primer tema despu\u00e9s de un largo par\u00f3n y un regreso en solitario,\u00a0<strong><em>T\u00fa quieres mambo<\/em><\/strong>.\u00a0Este single da buena muestra del <strong>nuevo sonido<\/strong> en el que se encuentra trabajando actualmente <strong>Dry Martina<\/strong>, <strong>electr\u00f3nica elegante con su toque vintage habitual.<\/strong> La canci\u00f3n est\u00e1 coescrita\u00a0con<strong> Rafa Insausti <\/strong>y coproducida\u00a0junto a Ralf Droesemeyer de <strong>Mo&#8217;Horizons<\/strong>, d\u00fao de DJs alem\u00e1n <strong>reconocido internacionalmente<\/strong> por su\u00a0uso de <strong>t\u00e9cnicas de samples y producci\u00f3n moderna en el jazz latino<\/strong>.<\/p>\n<p><strong><em>T\u00fa quieres mambo<\/em><\/strong>\u00a0es una\u00a0apuesta personal para\u00a0conseguir un <strong>sonido m\u00e1s contempor\u00e1neo<\/strong>\u00a0y marca un <strong>par\u00e9ntesis <\/strong>en lo que ha sido la banda hasta el momento. La idea de <strong>Dry Martina<\/strong> es ir <strong>lanzando single a single<\/strong> hasta componer lo que ser\u00e1 su tercer larga duraci\u00f3n. Ya conoc\u00edamos c\u00f3mo sonaba este tema y nos faltaba el<strong> videoclip que ya est\u00e1 disponible en el canal YouTube de Dry Martina<\/strong>.<\/p>\n<p>En 2019 <strong>Dry Martina <\/strong>presenta\u00a0<strong>nuevo espect\u00e1culo, #MamboTour,<\/strong>\u00a0acompa\u00f1ada de <strong>Dj Toner\u00a0<\/strong>con el que repasar\u00e1 su repertorio m\u00e1s conocido y sus nuevas composiciones. Para esta <strong>nueva etapa<\/strong> ha preparado las <strong>canciones de Dry Martina para un set m\u00e1s bailable con samples antiguos y\u00a0 mashups<\/strong> (creaci\u00f3n de una nueva canci\u00f3n a partir de la mezcla o pedazos de otras canciones)\u00a0con temas que forman parte de su influencia musical, abarcando estilos desde\u00a0<strong><em>swing, jazz, mambo,\u00a0 funk<\/em>, hasta el\u00a0<em>rock<\/em>\u00a0o\u00a0<em>pop\u00a0<\/em>de los 90<\/strong>. De momento las citas donde se podr\u00e1 disfrutar de este nuevo espect\u00e1culo son el <strong>19 de mayo en Madrid<\/strong>, el <strong>31 en Sevilla,\u00a0<\/strong>y ya en <strong>julio en el Festival Internacional JazzVejer <\/strong>y el <strong>12 de julio en su ciudad M\u00e1laga<\/strong>.<\/p>\n<p><strong>Dry Martina<\/strong> nace en el 2011 con el EP <em>Musara\u00f1as <\/em>(BMG), canciones pop en castellano con mucho swing. Sus dos discos,\u00a0<em>Momento Perfecto (2012)<\/em>\u00a0y\u00a0<em>Ahora!<\/em>\u00a0(2015) se llevaron sendos premios al\u00a0<strong>mejor \u00e1lbum de jazz<\/strong>\u00a0y m\u00fasicas contempor\u00e1neas en los<strong>\u00a05\u00ba y 7\u00ba Premios de la M\u00fasica Independiente (Premios MIN<\/strong>).<\/p>\n<p>Desde 2012 <strong>Dry Martina<\/strong> ha hecho varias <strong>giras nacionales<\/strong>, Gira AIE y Gira GPS, participado en <strong>festivales nacionales<\/strong> como Cadizfornia Fest, Territorios Sevilla, WeekendBeach, Cartagena Jazz Festival, Jazzolontia o JazzVejer . En el<strong> extranjero<\/strong>, <strong>Dry Martina<\/strong> ha formado parte del\u00a0Festival Alegr\u00eda en ChefChaouen y ha actuado de la mano del Instituto Cervantes en Fez, Meknes, Tel Aviv y Budapest. El \u00faltimo hecho destacado de<strong> Dry Martina<\/strong>\u00a0ha sido una <strong>campa\u00f1a para San Miguel <\/strong>con la canci\u00f3n ex profeso \u201cM\u00e1laga, al son de la buena vida\u201d.<\/p>\n","protected":false},"excerpt":{"rendered":"<p>La artista malague\u00f1a Laura Insausti, o lo que es lo mismo, Dry Martina, volv\u00eda con fuerza hace una semanas para presentar\u00a0su primer tema despu\u00e9s de un largo par\u00f3n y un regreso en solitario,\u00a0T\u00fa quieres mambo.\u00a0Este single da buena muestra del nuevo sonido en el que se encuentra trabajando actualmente Dry Martina, electr\u00f3nica elegante con su [&hellip;]<\/p>\n","protected":false},"author":2,"featured_media":5354,"comment_status":"closed","ping_status":"open","sticky":false,"template":"","format":"standard","meta":[],"categories":[146],"tags":[6529,6101,6102],"wppr_data":[],"_links":{"self":[{"href":"https:\/\/www.notaoficial.com\/s\/wp-json\/wp\/v2\/posts\/5353"}],"collection":[{"href":"https:\/\/www.notaoficial.com\/s\/wp-json\/wp\/v2\/posts"}],"about":[{"href":"https:\/\/www.notaoficial.com\/s\/wp-json\/wp\/v2\/types\/post"}],"author":[{"embeddable":true,"href":"https:\/\/www.notaoficial.com\/s\/wp-json\/wp\/v2\/users\/2"}],"replies":[{"embeddable":true,"href":"https:\/\/www.notaoficial.com\/s\/wp-json\/wp\/v2\/comments?post=5353"}],"version-history":[{"count":1,"href":"https:\/\/www.notaoficial.com\/s\/wp-json\/wp\/v2\/posts\/5353\/revisions"}],"predecessor-version":[{"id":5355,"href":"https:\/\/www.notaoficial.com\/s\/wp-json\/wp\/v2\/posts\/5353\/revisions\/5355"}],"wp:featuredmedia":[{"embeddable":true,"href":"https:\/\/www.notaoficial.com\/s\/wp-json\/wp\/v2\/media\/5354"}],"wp:attachment":[{"href":"https:\/\/www.notaoficial.com\/s\/wp-json\/wp\/v2\/media?parent=5353"}],"wp:term":[{"taxonomy":"category","embeddable":true,"href":"https:\/\/www.notaoficial.com\/s\/wp-json\/wp\/v2\/categories?post=5353"},{"taxonomy":"post_tag","embeddable":true,"href":"https:\/\/www.notaoficial.com\/s\/wp-json\/wp\/v2\/tags?post=5353"}],"curies":[{"name":"wp","href":"https:\/\/api.w.org\/{rel}","templated":true}]}}