{"id":5356,"date":"2019-05-24T16:33:08","date_gmt":"2019-05-24T20:33:08","guid":{"rendered":"http:\/\/www.notaoficial.com\/s\/?p=5356"},"modified":"2019-05-24T10:35:50","modified_gmt":"2019-05-24T14:35:50","slug":"ilegales-retoma-sus-origenes-con-tropicalia","status":"publish","type":"post","link":"https:\/\/www.notaoficial.com\/s\/2019\/05\/24\/ilegales-retoma-sus-origenes-con-tropicalia\/","title":{"rendered":"Ilegales retoma sus or\u00edgenes con \u00abTropicalia\u00bb"},"content":{"rendered":"<p align=\"justify\">La agrupaci\u00f3n <strong>Ilegales<\/strong> lanza su disco \u00ab<a href=\"https:\/\/sable.madmimi.com\/c\/28511?id=10634037.12428.1.db90435e64ad59ba0474c77e1d65180a\" target=\"_blank\" rel=\"noopener\" data-saferedirecturl=\"https:\/\/www.google.com\/url?q=https:\/\/sable.madmimi.com\/c\/28511?id%3D10634037.12428.1.db90435e64ad59ba0474c77e1d65180a&amp;source=gmail&amp;ust=1558794228027000&amp;usg=AFQjCNG1MDq-u0-Y-1ezF7K4fqyebNm9yQ\">Tropicalia<\/a>\u00bb bajo la distribuci\u00f3n mundial de <strong>La Oreja Media Group<\/strong>, donde retoma el sonido, los colores y la esencia de este grupo que ha sido uno de los m\u00e1s exitosos mundialmente en m\u00e1s de 25 a\u00f1os de carrera.<\/p>\n<p align=\"justify\"><strong>Vladimir Dotel<\/strong>, lider y creador de la agrupaci\u00f3n, reuni\u00f3 a productores experimentados como el maestro dominicano <strong>Manuel Tejada<\/strong>, destacado profesional de la m\u00fasica tropical y creador de grandes \u00e9xitos, as\u00ed como tambi\u00e9n el multipremiado productor y m\u00fasico mexicano <strong>Kiko Cibri\u00e1n<\/strong>, quien ha sido pieza fundamental en carreras como la de <strong>Luis Miguel<\/strong>, entre otros grandes artistas.<\/p>\n<p align=\"justify\">\u00abMi idea siempre ha sido traer cosas nuevas pero nunca perder la esencia de lo que el p\u00fablico espera de Ilegales\u00bb expres\u00f3 Vladimir acerca de esta producci\u00f3n musical que ya se encuentra a la venta en todas las plataformas digitales.<\/p>\n<p align=\"justify\"><strong>Edwin Garc\u00eda<\/strong> y <strong>Antonio Gonz\u00e1lez<\/strong>, llevaron la responsabilidad de los arreglos, para lograr la fusi\u00f3n entre el sonido original de la banda, con los nuevos colores donde se involucran instrumentos y estilos m\u00e1s actuales.<\/p>\n<p align=\"justify\">\u00abTropicalia\u00bb fue grabado en parte en la Rep\u00fablica Dominicana y tambi\u00e9n en Los \u00c1ngeles, California, donde contaron con la empresa Rebeli\u00f3n del reconocido productor <strong>Sebasti\u00e1n Krys<\/strong>, ganador de m\u00faltiples premios GRAMMY, as\u00ed como con <strong>Alejandro Neira<\/strong> y la mezcla estuvo a cargo de <strong>Luis Barrera Jr.<\/strong>, <strong>Antonio Gonz\u00e1lez<\/strong>, <strong>Juan Tavares<\/strong> <strong>\u00abJuanchy\u00bb<\/strong>, <strong>Guillermo \u00abPolo\u00bb Parra, Sarah Mariel Tejada<\/strong> (hija de <strong>Manuel Tejada<\/strong>), <strong>Bryan Dotel<\/strong> y <strong>Allan Leschhorn<\/strong>.<\/p>\n<p align=\"justify\">\u201cTambi\u00e9n en Los \u00c1ngeles trabajamos bajo la producci\u00f3n de Bryan Dotel, para m\u00ed esto me llev\u00f3 a sentir varias emociones, porque aparte de trabajar con mi hijo, sent\u00eda como me alimentaba de su energ\u00eda y juventud para lograr un sonido de ahora\u201d, revel\u00f3 Vladimir.<\/p>\n<p align=\"justify\">\u201cTropicalia\u201d cuenta con 10 temas con t\u00edtulos como \u201cBien ch\u00e9vere\u201d, \u00abIgual que yo\u00bb, \u00abBaila Conmigo\u00bb, \u201cMaca chicle\u201d, \u00abPing pong\u201d, \u00abEn La Mira\u00bb, \u00abDime Que Si\u00bb, \u201cMejor as\u00ed\u201d y \u00abLa Botella\u00bb. Adem\u00e1s tiene una colaboraci\u00f3n con la actriz y cantante, la dominicana <strong>Sharlene Taul\u00e9<\/strong>, con el tema \u201cBrindo por tu amor\u201d.<\/p>\n<p align=\"justify\">legales es es un grupo musical dominicano creado en 1993 y liderado por Vladimir Dotel. Ha recibido varias nominaciones y premios internacionales, adem\u00e1s de llegar a las listas de Billboard Tropical.<\/p>\n<p align=\"justify\">Hasta el momento, la agrupaci\u00f3n ha grabado 13 discos y fue nominada para el Latin GRAMMY Latino en 2003 al \u00abMejor \u00c1lbum Pop\u00bb, ha sido ganadora de Premio Lo Nuestro, Billboard Latino y Premios Casandra, en la Rep\u00fablica Dominicana, entre otros.<\/p>\n<p align=\"justify\">Originalmente formada como una agrupaci\u00f3n de Merengue House debido al \u00e9xito de este g\u00e9nero a mediados de los 90, la agrupaci\u00f3n se ha diversificado en otros g\u00e9neros como hip hop, pop latino, balada pop, etc.<\/p>\n<p>&nbsp;<\/p>\n","protected":false},"excerpt":{"rendered":"<p>La agrupaci\u00f3n Ilegales lanza su disco \u00abTropicalia\u00bb bajo la distribuci\u00f3n mundial de La Oreja Media Group, donde retoma el sonido, los colores y la esencia de este grupo que ha sido uno de los m\u00e1s exitosos mundialmente en m\u00e1s de 25 a\u00f1os de carrera. Vladimir Dotel, lider y creador de la agrupaci\u00f3n, reuni\u00f3 a productores [&hellip;]<\/p>\n","protected":false},"author":2,"featured_media":5357,"comment_status":"closed","ping_status":"open","sticky":false,"template":"","format":"standard","meta":[],"categories":[146],"tags":[6537,6532,6536,6534,5964,6533,6106,6531,6539,3340,6535,6530,6538],"wppr_data":[],"_links":{"self":[{"href":"https:\/\/www.notaoficial.com\/s\/wp-json\/wp\/v2\/posts\/5356"}],"collection":[{"href":"https:\/\/www.notaoficial.com\/s\/wp-json\/wp\/v2\/posts"}],"about":[{"href":"https:\/\/www.notaoficial.com\/s\/wp-json\/wp\/v2\/types\/post"}],"author":[{"embeddable":true,"href":"https:\/\/www.notaoficial.com\/s\/wp-json\/wp\/v2\/users\/2"}],"replies":[{"embeddable":true,"href":"https:\/\/www.notaoficial.com\/s\/wp-json\/wp\/v2\/comments?post=5356"}],"version-history":[{"count":1,"href":"https:\/\/www.notaoficial.com\/s\/wp-json\/wp\/v2\/posts\/5356\/revisions"}],"predecessor-version":[{"id":5358,"href":"https:\/\/www.notaoficial.com\/s\/wp-json\/wp\/v2\/posts\/5356\/revisions\/5358"}],"wp:featuredmedia":[{"embeddable":true,"href":"https:\/\/www.notaoficial.com\/s\/wp-json\/wp\/v2\/media\/5357"}],"wp:attachment":[{"href":"https:\/\/www.notaoficial.com\/s\/wp-json\/wp\/v2\/media?parent=5356"}],"wp:term":[{"taxonomy":"category","embeddable":true,"href":"https:\/\/www.notaoficial.com\/s\/wp-json\/wp\/v2\/categories?post=5356"},{"taxonomy":"post_tag","embeddable":true,"href":"https:\/\/www.notaoficial.com\/s\/wp-json\/wp\/v2\/tags?post=5356"}],"curies":[{"name":"wp","href":"https:\/\/api.w.org\/{rel}","templated":true}]}}