{"id":5363,"date":"2019-05-25T19:32:11","date_gmt":"2019-05-25T23:32:11","guid":{"rendered":"http:\/\/www.notaoficial.com\/s\/?p=5363"},"modified":"2019-05-25T17:35:58","modified_gmt":"2019-05-25T21:35:58","slug":"alina-se-va-pa-la-calle","status":"publish","type":"post","link":"https:\/\/www.notaoficial.com\/s\/2019\/05\/25\/alina-se-va-pa-la-calle\/","title":{"rendered":"ALINA se va \u00abPa&#8217; La Calle\u00bb"},"content":{"rendered":"<p align=\"justify\">\u00abPa&#8217; La Calle\u00bb es el nuevo tema musical de la talentosa joven <strong>Alina<\/strong>, quien hace este lanzamiento el d\u00eda de hoy a todas las plataformas digitales bajo el sello <strong>Respect The Flow Music<\/strong> y la distribuci\u00f3n de <strong>La Oreja Media Group<\/strong>.<\/p>\n<p align=\"justify\">El tema tambi\u00e9n estrena un <a href=\"https:\/\/sable.madmimi.com\/c\/28511?id=10705474.12494.1.1cb1d40df3925b6f62a8034a867c4c1c\" target=\"_blank\" rel=\"noopener\" data-saferedirecturl=\"https:\/\/www.google.com\/url?q=https:\/\/sable.madmimi.com\/c\/28511?id%3D10705474.12494.1.1cb1d40df3925b6f62a8034a867c4c1c&amp;source=gmail&amp;ust=1558906283165000&amp;usg=AFQjCNGPDF8P7C4euXL-okEgz0-IDd821g\">v\u00eddeo musical<\/a> producido y dirigido por <strong>LMK Films<\/strong> donde destaca la faceta del baile y el manejo art\u00edstico de esta talentosa joven nacida en Nueva York, una nueva voz en la m\u00fasica urbana latina, con un estilo muy sofisticado, con sello musical y de imagen dif\u00edcil de comparar con otras artistas, ella misma evita las comparaciones y simplemente quiere sorprender gratamente a sus seguidores y nuevo p\u00fablico.<\/p>\n<p align=\"justify\">Pa&#8217; La Calle es un tema, producido por <strong>Nayo<\/strong>, <strong>XNike<\/strong> y <strong>ReWire<\/strong> y fue co-escrito por <strong>Juan Frias \u00abBrasa\u00bb<\/strong> compositor de varios \u00e9xitos de <strong>Bad Bunny, CNCO, Yandel<\/strong> y <strong>Anitta<\/strong> y es una canci\u00f3n que Alina hizo para demostrar un poco m\u00e1s de sus cualidades y seguir aportando al g\u00e9nero musical con cual naci\u00f3 y lleva por las venas.<\/p>\n<p align=\"justify\">Alina, de madre dominicana y padre puertorrique\u00f1o, creci\u00f3 entre Manhattan y Astoria absorbiendo la rica cultura de la Gran Manzana, que re\u00fane una gran diversidad de nacionalidades y, por supuesto estilos musicales. Sus canciones son sensuales y elevan a la mujer, hablan de ser independiente, igualdad de g\u00e9nero sin llegar a lo vulgar.<\/p>\n<p align=\"justify\">Y la m\u00fasica est\u00e1 en su familia; su abuela dirige el coro en iglesia St. Patrick en Long Island City, Julissa su madre tambi\u00e9n cantante y su padrastro el reconocido compositor, arreglista y productor <strong>Pavel De Jes\u00fas<\/strong>, quien ha sido responsables de \u00e9xitos de <strong>Proyecto Uno, Ilegales, Sandy &amp; Papo MC<\/strong>, quien se ha encargado de tambi\u00e9n ser un gu\u00eda no solo en casa sino en sus primeras aventuras en la industria musical.<\/p>\n<p align=\"justify\">\u00abPa&#8217; La Calle\u00bb es su m\u00e1s reciente sencillo luego del tema \u00abHoy Me Toca A Mi\u00bb que sobrepas\u00f3 el mill\u00f3n de reproducciones en YouTube y sigue subiendo en el gusto del p\u00fablico, adem\u00e1s de incrementar las reproducciones en Spotify, Deezer, Pandora, es muestra del crecimiento en popularidad de esta artista que ha venido a quedarse y hacer su espacio en la m\u00fasica Pop Urbana mundial con su estilo \u00fanico de cantar, rapear y componer.<\/p>\n<p align=\"justify\">En las pr\u00f3ximas semanas, la artista estar\u00e1 filmando sus nuevos tres videos musicales en la Rep\u00fablica Dominicana bajo la producci\u00f3n de <strong>Yolkis Cabrera<\/strong> y <strong>Luis Gomez<\/strong>.<\/p>\n<p>&nbsp;<\/p>\n","protected":false},"excerpt":{"rendered":"<p>\u00abPa&#8217; La Calle\u00bb es el nuevo tema musical de la talentosa joven Alina, quien hace este lanzamiento el d\u00eda de hoy a todas las plataformas digitales bajo el sello Respect The Flow Music y la distribuci\u00f3n de La Oreja Media Group. El tema tambi\u00e9n estrena un v\u00eddeo musical producido y dirigido por LMK Films donde [&hellip;]<\/p>\n","protected":false},"author":2,"featured_media":5364,"comment_status":"closed","ping_status":"open","sticky":false,"template":"","format":"standard","meta":[],"categories":[146],"tags":[5964,2215,6550,6551,468,6552,6553],"wppr_data":[],"_links":{"self":[{"href":"https:\/\/www.notaoficial.com\/s\/wp-json\/wp\/v2\/posts\/5363"}],"collection":[{"href":"https:\/\/www.notaoficial.com\/s\/wp-json\/wp\/v2\/posts"}],"about":[{"href":"https:\/\/www.notaoficial.com\/s\/wp-json\/wp\/v2\/types\/post"}],"author":[{"embeddable":true,"href":"https:\/\/www.notaoficial.com\/s\/wp-json\/wp\/v2\/users\/2"}],"replies":[{"embeddable":true,"href":"https:\/\/www.notaoficial.com\/s\/wp-json\/wp\/v2\/comments?post=5363"}],"version-history":[{"count":1,"href":"https:\/\/www.notaoficial.com\/s\/wp-json\/wp\/v2\/posts\/5363\/revisions"}],"predecessor-version":[{"id":5365,"href":"https:\/\/www.notaoficial.com\/s\/wp-json\/wp\/v2\/posts\/5363\/revisions\/5365"}],"wp:featuredmedia":[{"embeddable":true,"href":"https:\/\/www.notaoficial.com\/s\/wp-json\/wp\/v2\/media\/5364"}],"wp:attachment":[{"href":"https:\/\/www.notaoficial.com\/s\/wp-json\/wp\/v2\/media?parent=5363"}],"wp:term":[{"taxonomy":"category","embeddable":true,"href":"https:\/\/www.notaoficial.com\/s\/wp-json\/wp\/v2\/categories?post=5363"},{"taxonomy":"post_tag","embeddable":true,"href":"https:\/\/www.notaoficial.com\/s\/wp-json\/wp\/v2\/tags?post=5363"}],"curies":[{"name":"wp","href":"https:\/\/api.w.org\/{rel}","templated":true}]}}