{"id":5401,"date":"2019-05-29T10:31:08","date_gmt":"2019-05-29T14:31:08","guid":{"rendered":"http:\/\/www.notaoficial.com\/s\/?p=5401"},"modified":"2019-05-29T10:31:08","modified_gmt":"2019-05-29T14:31:08","slug":"tako-reedita-su-mitico-album-a-las-puertas-del-deseo-en-su-30o-aniversario-en-vinilo-cd-con-una-cancion-inedita","status":"publish","type":"post","link":"https:\/\/www.notaoficial.com\/s\/2019\/05\/29\/tako-reedita-su-mitico-album-a-las-puertas-del-deseo-en-su-30o-aniversario-en-vinilo-cd-con-una-cancion-inedita\/","title":{"rendered":"TAKO reedita su m\u00edtico \u00e1lbum \u00abA Las Puertas Del Deseo\u00bb en su 30\u00ba aniversario, en VINILO + CD, con una canci\u00f3n in\u00e9dita"},"content":{"rendered":"<p align=\"justify\"><span lang=\"ES-TRAD\"><span style=\"color: #000000;\">En el a\u00f1o 1989, <b>Tako<\/b> public\u00f3 un disco ic\u00f3nico.<\/span><\/span><\/p>\n<p align=\"justify\"><span lang=\"ES-TRAD\"><span style=\"color: #000000;\"><b>\u201cA las Puertas del Deseo\u201d<\/b> lo cambi\u00f3 todo en el circuito del rock en Arag\u00f3n y llev\u00f3 a Tako a realizar una serie de conciertos a lo largo de muchas poblaciones de la comunidad, con un punto \u00e1lgido que fue el concierto celebrado ante <b>18.000 personas<\/b>, consiguiendo un hist\u00f3rico r\u00e9cord de asistencia, por encima de bandas como Ramonc\u00edn, Barricada o Ramones.<\/span><\/span><\/p>\n<p align=\"justify\"><span lang=\"ES-TRAD\"><span style=\"color: #000000;\">Sonando con fuerza en las ondas y acaparando premios, <b>rozan las 20.000 copias vendidas<\/b>, posicionando a Tako\u00a0 como el grupo de rock de referencia y\u00a0 pasando su m\u00fasica a formar parte de la banda sonora de una generaci\u00f3n.<\/span><\/span><\/p>\n<p align=\"justify\"><span lang=\"ES-TRAD\"><span style=\"color: #000000;\">Han pasado <b>30 a\u00f1os<\/b> y, pese al crecimiento musical, la apuesta por la creatividad\u00a0 y la evoluci\u00f3n, ha llegado el momento de rendir homenaje al disco m\u00e1s emblem\u00e1tico de la banda. Se llevar\u00e1 a cabo con una edici\u00f3n muy especial en del disco en <b>vinilo m\u00e1s CD<\/b>. Todo el audio ha sido <b>remasterizado por Dani Alcover e incluye un nuevo tema<\/b>, que no se pudo ser editado en su d\u00eda y que se ha recuperado especialmente para la ocasi\u00f3n. Una canci\u00f3n que redondea esta exclusiva reedici\u00f3n de <b>\u201cA las Puertas del Deseo\u201d<\/b> mostrando la cara m\u00e1s comprometida de la banda, incidiendo en la lucha contra el abuso infantil.<\/span><\/span><\/p>\n<p align=\"justify\"><span lang=\"ES-TRAD\"><span style=\"color: #000000;\">Esta nueva edici\u00f3n, con un lavado de cara actual y cuidado, es una oportunidad \u00fanica de volver a disfrutar de un disco que lo cambi\u00f3 todo.<\/span><\/span><\/p>\n","protected":false},"excerpt":{"rendered":"<p>En el a\u00f1o 1989, Tako public\u00f3 un disco ic\u00f3nico. \u201cA las Puertas del Deseo\u201d lo cambi\u00f3 todo en el circuito del rock en Arag\u00f3n y llev\u00f3 a Tako a realizar una serie de conciertos a lo largo de muchas poblaciones de la comunidad, con un punto \u00e1lgido que fue el concierto celebrado ante 18.000 personas, [&hellip;]<\/p>\n","protected":false},"author":2,"featured_media":5402,"comment_status":"closed","ping_status":"open","sticky":false,"template":"","format":"standard","meta":[],"categories":[146],"tags":[6587,6588,1205],"wppr_data":[],"_links":{"self":[{"href":"https:\/\/www.notaoficial.com\/s\/wp-json\/wp\/v2\/posts\/5401"}],"collection":[{"href":"https:\/\/www.notaoficial.com\/s\/wp-json\/wp\/v2\/posts"}],"about":[{"href":"https:\/\/www.notaoficial.com\/s\/wp-json\/wp\/v2\/types\/post"}],"author":[{"embeddable":true,"href":"https:\/\/www.notaoficial.com\/s\/wp-json\/wp\/v2\/users\/2"}],"replies":[{"embeddable":true,"href":"https:\/\/www.notaoficial.com\/s\/wp-json\/wp\/v2\/comments?post=5401"}],"version-history":[{"count":1,"href":"https:\/\/www.notaoficial.com\/s\/wp-json\/wp\/v2\/posts\/5401\/revisions"}],"predecessor-version":[{"id":5403,"href":"https:\/\/www.notaoficial.com\/s\/wp-json\/wp\/v2\/posts\/5401\/revisions\/5403"}],"wp:featuredmedia":[{"embeddable":true,"href":"https:\/\/www.notaoficial.com\/s\/wp-json\/wp\/v2\/media\/5402"}],"wp:attachment":[{"href":"https:\/\/www.notaoficial.com\/s\/wp-json\/wp\/v2\/media?parent=5401"}],"wp:term":[{"taxonomy":"category","embeddable":true,"href":"https:\/\/www.notaoficial.com\/s\/wp-json\/wp\/v2\/categories?post=5401"},{"taxonomy":"post_tag","embeddable":true,"href":"https:\/\/www.notaoficial.com\/s\/wp-json\/wp\/v2\/tags?post=5401"}],"curies":[{"name":"wp","href":"https:\/\/api.w.org\/{rel}","templated":true}]}}