{"id":5428,"date":"2019-05-30T19:53:45","date_gmt":"2019-05-30T23:53:45","guid":{"rendered":"http:\/\/www.notaoficial.com\/s\/?p=5428"},"modified":"2019-05-30T10:56:10","modified_gmt":"2019-05-30T14:56:10","slug":"ivandoggy-estara-en-el-festival-antirracista","status":"publish","type":"post","link":"https:\/\/www.notaoficial.com\/s\/2019\/05\/30\/ivandoggy-estara-en-el-festival-antirracista\/","title":{"rendered":"Ivandoggy estar\u00e1 en el Festival Antirracista"},"content":{"rendered":"<p>Esta primera edici\u00f3n del Festival Antirracista se organiza desde SOS Racismo Madrid, asociaci\u00f3n sin \u00e1nimo de lucro, de acci\u00f3n pol\u00edtica antirracista, anticolonial y multi\u00e9tnica. Nuestra asociaci\u00f3n se constituye en el a\u00f1o 1992 con el objetivo de luchar contra el racismo y la xenofobia. En la actualidad, denunciamos el racismo estructural e institucional en todas sus formas, e intentamos impulsar la participaci\u00f3n de colectivos y personas racializadas en la lucha contra el racismo, siempre desde la primera l\u00ednea, tanto en el discurso como en la acci\u00f3n. Lo creamos como un espacio de encuentro donde puedan confluir el debate, la reflexi\u00f3n y la expresi\u00f3n art\u00edstica, siempre desde la mirada, experiencia y sentir de las personas racializadas. Ponemos la lucha antirracista en el centro a trav\u00e9s de diferentes actividades: mesas de debate, conciertos, la Abya Yala Ball, muestra de fotograf\u00edas, artesan\u00eda, comida, etc.<\/p>\n<p>El Festival est\u00e1 abierto a un p\u00fablico mixto, sin embargo, las personas artistas, lxs ponentes, y participantes ser\u00e1n personas racializadas. El objetivo del Festival es m\u00faltiple: contribuir a la denuncia del racismo estructural, denunciar la explotaci\u00f3n y colonizaci\u00f3n de nuestros cuerpos, visibilizar nuestros saberes, conocimientos y expresiones art\u00edsticas, llamar a la acci\u00f3n antirracista pol\u00edtica por parte de nuestres hermanes y demostrar nuestra capacidad de agencia y poder al resto de la sociedad.<\/p>\n<div class=\"\">\n<div class=\"aHl\"><\/div>\n<div id=\":95\" tabindex=\"-1\"><\/div>\n<div id=\":lg\" class=\"ii gt\">\n<div id=\":8c\" class=\"a3s aXjCH \"><u><\/u><\/p>\n<div>\n<div class=\"m_2480010926477650796gmail-m_-6933663839210223816gmail-_aok\"><strong><u><img decoding=\"async\" loading=\"lazy\" class=\"CToWUd a6T\" tabindex=\"0\" src=\"https:\/\/ci3.googleusercontent.com\/proxy\/avPym_h_1MrRNZGTHMoF83aQ5l4uAnR4WNCJxpoZJY9ZbvVMiI1540VCu4q7g1SAVtJdNpHos8XEmLxr6ltbFy-xH3gOPF8RQQqudOER2I7_7spDxpxxEsmMXRBIWzc9PyiKSguN4Zjel75LA0KwcU5FinRD-LwtsPfXvJI=s0-d-e1-ft#http:\/\/anewlabel.ip-zone.com\/mailing-manager\/domains\/anewlabel_ip-zone_com\/files\/img\/\/cid-ii-jw9fgqdt2.png\" alt=\"\" width=\"400\" height=\"500\" \/><\/u><\/strong><\/div>\n<\/div>\n<\/div>\n<\/div>\n<\/div>\n<p>&nbsp;<\/p>\n<div>Esta primera edici\u00f3n del Festival Antirracista se organiza desde SOS Racismo Madrid, asociaci\u00f3n sin \u00e1nimo de lucro, de acci\u00f3n pol\u00edtica antirracista, anticolonial y multi\u00e9tnica. Nuestra asociaci\u00f3n se constituye en el a\u00f1o 1992 con el objetivo de luchar contra el racismo y la xenofobia. En la actualidad, denunciamos el racismo estructural e institucional en todas sus formas, e intentamos impulsar la participaci\u00f3n de colectivos y personas racializadas en la lucha contra el racismo, siempre desde la primera l\u00ednea, tanto en el discurso como en la acci\u00f3n. Lo creamos como un espacio de encuentro donde puedan confluir el debate, la reflexi\u00f3n y la expresi\u00f3n art\u00edstica, siempre desde la mirada, experiencia y sentir de las personas racializadas. Ponemos la lucha antirracista en el centro a trav\u00e9s de diferentes actividades: mesas de debate, conciertos, la Abya Yala Ball, muestra de fotograf\u00edas, artesan\u00eda, comida, etc.<\/p>\n<p>El Festival est\u00e1 abierto a un p\u00fablico mixto, sin embargo, las personas artistas, lxs ponentes, y participantes ser\u00e1n personas racializadas. El objetivo del Festival es m\u00faltiple: contribuir a la denuncia del racismo estructural, denunciar la explotaci\u00f3n y colonizaci\u00f3n de nuestros cuerpos, visibilizar nuestros saberes, conocimientos y expresiones art\u00edsticas, llamar a la acci\u00f3n antirracista pol\u00edtica por parte de nuestres hermanes y demostrar nuestra capacidad de agencia y poder al resto de la sociedad.\n<\/p><\/div>\n<div><a href=\"https:\/\/www.sosracismomadrid.es\/\" target=\"_blank\" rel=\"noopener\" data-saferedirecturl=\"https:\/\/www.google.com\/url?q=https:\/\/www.sosracismomadrid.es\/&amp;source=gmail&amp;ust=1559313515642000&amp;usg=AFQjCNEX38-GdSidCeE6Zx6hpqxqmIwV5A\"><img decoding=\"async\" loading=\"lazy\" class=\"CToWUd\" src=\"https:\/\/ci4.googleusercontent.com\/proxy\/euF2z0WCHCNlT0sDb9mcmqb-O_JHw2kSYOa19VM50NgwgjdaV7XRmVSJdqETWc_r9da9GBnUO8ZB8Az8tdiyUr4-5j8h3u6J5P0HH7D3mLmAJOWZyfVsiOCwc0DI6OUzbO6cJKSujHON3HHJGhYsNzE-mxu6k1Dr=s0-d-e1-ft#http:\/\/anewlabel.ip-zone.com\/mailing-manager\/domains\/anewlabel_ip-zone_com\/files\/img\/\/sos-racismo.jpg\" alt=\"\" width=\"134\" height=\"89\" \/><\/a><\/div>\n<p><strong>Fecha: viernes 7, s\u00e1bado 8 y domingo 9 de junio de 2019<br \/>\nLugar: Plaza Isabel II (\u00d3pera)<\/strong><\/p>\n<p><strong><u><img decoding=\"async\" loading=\"lazy\" class=\"CToWUd a6T\" tabindex=\"0\" src=\"https:\/\/ci6.googleusercontent.com\/proxy\/BlDijQaNQzPQldkWAOBnkQ3TkHlgo0bTrzrdq4tAVkhU7w3vdQpXMRpbtW10RRLNkceFUaVQjUmlsZa_cEqGXSBMKzV3v88oM2WTcf6Y8_UsO8JKz_mFbhdjmAudQawXGK0697hMNZBpqHU903HuKTlbnpjk4U5qWHqqO1E=s0-d-e1-ft#http:\/\/anewlabel.ip-zone.com\/mailing-manager\/domains\/anewlabel_ip-zone_com\/files\/img\/\/cid-ii-jw9fg8cb0.jpg\" alt=\"\" width=\"400\" height=\"500\" \/><\/u><\/strong><\/p>\n<div><strong>Viernes 7 de junio<\/strong> Tendr\u00e1 lugar el acto de apertura en el que se explicar\u00e1 el objetivo del festival y la agenda a seguir en los dos d\u00edas siguientes, para posteriormente terminar con los conciertos de La Poes\u00eda es mi Manta, Benia, Muhate e <a href=\"https:\/\/www.facebook.com\/Doggy8-239639800032495\/\" target=\"_blank\" rel=\"noopener\" data-saferedirecturl=\"https:\/\/www.google.com\/url?q=https:\/\/www.facebook.com\/Doggy8-239639800032495\/&amp;source=gmail&amp;ust=1559313515642000&amp;usg=AFQjCNGGYW5PL8R-srmzlTIFsO3Oz7SnLA\">Ivandoggy.<\/a><\/p>\n<p><strong>S\u00e1bado 8 de junio<\/strong> La jornada comenzar\u00e1 con un encuentro entre los diferentes colectivos antirracistas, donde se debatir\u00e1n y recoger\u00e1n propuestas para una lucha antirracista pol\u00edtica a nivel estatal. Posteriormente habr\u00e1 dos mesas de debate. La primera, \u201cDisidencias sexuales\u201d, en la que participan Sudaka Marika, Alex Aguirre y Esther Ortega Mayoko. La segunda, \u201cEl antirracismo como lucha pol\u00edtica\u201d, ser\u00e1 un conversatorio entre Gabriela Wiener y Sani Ladan sobre el origen del racismo, c\u00f3mo ha llegado a nuestros d\u00edas y la actual lucha antirracista. La jornada terminar\u00e1 con la Abya Yala Ball, organizada junto al colectivo Ayllu, que contar\u00e1 con la presencia de artistas internacionales. Durante el s\u00e1bado, la comida estar\u00e1 a cargo del restaurante senegal\u00e9s Dakar y contaremos con distintos puestos de artesan\u00eda, de los cuales est\u00e1n confirmados: Folklores, Sambanwa, Beshawear, Horus Artesan\u00eda de Egipto, Kiio Candles y Mejicanitas Jewels. Asimismo, la librer\u00eda Traficantes de Sue\u00f1os nos acercar\u00e1 algunos libros relacionados con la migraci\u00f3n y el racismo.<\/p>\n<p><strong>Domingo 9 de junio<\/strong> La programaci\u00f3n comenzar\u00e1 con la mesa \u201cClaves para una crianza antirracista\u201d, en la que Desir\u00e9e Bela-Lobbede y Silvia Ag\u00fcero nos hablar\u00e1n de c\u00f3mo el racismo influye en la crianza y en la educaci\u00f3n. La jornada seguir\u00e1 con las perfomances de Dayana Contreras y Xirou Xiao, que dar\u00e1n pie a la hora de la comida, esta vez a cargo del restaurante marroqu\u00ed Gibraltar. La Negri abrir\u00e1 la tarde con su m\u00fasica para despu\u00e9s reflexionar en torno a la mesa \u201cFeminismo y alianzas: fortaleciendo la lucha desde lo contrahegem\u00f3nico\u201d, que contar\u00e1 con Miriam Hatibi, Artemisa Semedo, Pastora Filigrana, Violeta Assiego y Jeannette Tineo. El d\u00eda y el festival terminar\u00e1n con los conciertos de Afrojuice, Mora Streetfighter, Nathaly, Putochinomaric\u00f3n (Dj Set), Viciious y Anacaona.<\/p>\n<p>.<\/p><\/div>\n<div>Todo el festival lo iremos retransmitiendo a trav\u00e9s de nuestros canales de Twitter, Instagram y Facebook, donde adem\u00e1s se podr\u00e1n seguir en directo las mesas de debate. Estar\u00e1 bajo las etiquetas <strong>#SomosAntirracistas #ElAntirracismoEsAhora<\/strong><\/p>\n<p><strong><a href=\"https:\/\/www.sosracismomadrid.es\/primera-edicion-del-festival-antirracista-2019\/\" target=\"_blank\" rel=\"noopener\" data-saferedirecturl=\"https:\/\/www.google.com\/url?q=https:\/\/www.sosracismomadrid.es\/primera-edicion-del-festival-antirracista-2019\/&amp;source=gmail&amp;ust=1559313515642000&amp;usg=AFQjCNEm5h7sB1SxY77G-bXtEZxIbXseTA\">https:\/\/www.sosracismomadrid.<wbr \/>es\/primera-edicion-del-<wbr \/>festival-antirracista-2019\/<\/a><\/strong><\/div>\n","protected":false},"excerpt":{"rendered":"<p>Esta primera edici\u00f3n del Festival Antirracista se organiza desde SOS Racismo Madrid, asociaci\u00f3n sin \u00e1nimo de lucro, de acci\u00f3n pol\u00edtica antirracista, anticolonial y multi\u00e9tnica. Nuestra asociaci\u00f3n se constituye en el a\u00f1o 1992 con el objetivo de luchar contra el racismo y la xenofobia. En la actualidad, denunciamos el racismo estructural e institucional en todas sus [&hellip;]<\/p>\n","protected":false},"author":2,"featured_media":5429,"comment_status":"closed","ping_status":"open","sticky":false,"template":"","format":"standard","meta":[],"categories":[146],"tags":[6621,6620,5890,1204],"wppr_data":[],"_links":{"self":[{"href":"https:\/\/www.notaoficial.com\/s\/wp-json\/wp\/v2\/posts\/5428"}],"collection":[{"href":"https:\/\/www.notaoficial.com\/s\/wp-json\/wp\/v2\/posts"}],"about":[{"href":"https:\/\/www.notaoficial.com\/s\/wp-json\/wp\/v2\/types\/post"}],"author":[{"embeddable":true,"href":"https:\/\/www.notaoficial.com\/s\/wp-json\/wp\/v2\/users\/2"}],"replies":[{"embeddable":true,"href":"https:\/\/www.notaoficial.com\/s\/wp-json\/wp\/v2\/comments?post=5428"}],"version-history":[{"count":1,"href":"https:\/\/www.notaoficial.com\/s\/wp-json\/wp\/v2\/posts\/5428\/revisions"}],"predecessor-version":[{"id":5430,"href":"https:\/\/www.notaoficial.com\/s\/wp-json\/wp\/v2\/posts\/5428\/revisions\/5430"}],"wp:featuredmedia":[{"embeddable":true,"href":"https:\/\/www.notaoficial.com\/s\/wp-json\/wp\/v2\/media\/5429"}],"wp:attachment":[{"href":"https:\/\/www.notaoficial.com\/s\/wp-json\/wp\/v2\/media?parent=5428"}],"wp:term":[{"taxonomy":"category","embeddable":true,"href":"https:\/\/www.notaoficial.com\/s\/wp-json\/wp\/v2\/categories?post=5428"},{"taxonomy":"post_tag","embeddable":true,"href":"https:\/\/www.notaoficial.com\/s\/wp-json\/wp\/v2\/tags?post=5428"}],"curies":[{"name":"wp","href":"https:\/\/api.w.org\/{rel}","templated":true}]}}