{"id":5431,"date":"2019-05-31T21:01:50","date_gmt":"2019-06-01T01:01:50","guid":{"rendered":"http:\/\/www.notaoficial.com\/s\/?p=5431"},"modified":"2019-05-31T20:08:36","modified_gmt":"2019-06-01T00:08:36","slug":"ahora-marvel-se-apodera-de-la-catedra-del-pop-en-cines-unidos","status":"publish","type":"post","link":"https:\/\/www.notaoficial.com\/s\/2019\/05\/31\/ahora-marvel-se-apodera-de-la-catedra-del-pop-en-cines-unidos\/","title":{"rendered":"Ahora Marvel se apodera de la C\u00e1tedra del Pop en Cines Unidos"},"content":{"rendered":"<p style=\"text-align: center;\">Por Luis Alder Benitez<\/p>\n<p>El pr\u00f3ximo 2 de junio contin\u00faa la segunda temporada de la C\u00e1tedra del Pop en la sala 8 de Cines Unidos L\u00edder. En esta oportunidad, se reunir\u00e1n los fan\u00e1ticos de <strong>Marvel: un Universo de H\u00e9roes. <\/strong>Luis Carlos D\u00edaz, en compa\u00f1\u00eda de los catedr\u00e1ticos analizar\u00e1n el mundo de los superh\u00e9roes, estos personajes de ficci\u00f3n a los que tantas personas admiran.<\/p>\n<p>Esta vez, quienes ofrecer\u00e1n sus argumentos en una amena y divertida conversaci\u00f3n en el formato \u00fanico de la C\u00e1tedra del Pop, ser\u00e1n: Luis Bond, que hablar\u00e1 del arquetipo de Iron Man, Capit\u00e1n Am\u00e9rica y Thor; D\u00e9bora Ochoa, que ofrecer\u00e1 su perspectiva sobre Daredevil, la maldad que compone la justicia y Venuska Canino, que pondr\u00e1 el foco de atenci\u00f3n en los Sideckis m\u00e1s famosos.<\/p>\n<p>\u201cNuestra cultura est\u00e1 llena de superh\u00e9roes, que funcionan con los mismos arquetipos que los dioses griegos y romanos. En estos nuevos tiempos, los superh\u00e9roes son mucho m\u00e1s humanos, m\u00e1s complejos y es por esto que los queremos analizar, junto a los fan\u00e1ticos, en Cines Unidos\u201d coment\u00f3 el periodista Luis Carlos D\u00edaz<\/p>\n<p>Marvel es una aut\u00e9ntica industria que crea las m\u00e1s fant\u00e1sticas historias, que conectan con las personas de manera distinta. Los superh\u00e9roes son entretenimiento popular y masivo, es por esto que merece ser analizado en La C\u00e1tedra del Pop.<\/p>\n<p>\u201cEsta es la tercera sesi\u00f3n de la C\u00e1tedra del Pop en Cines Unidos. Estamos muy emocionados con la respuesta de los fan\u00e1ticos. Domingo a domingo hemos podido superar la expectativa. Nos enorgullece mucho poder ofrecer este espacio alternativo de entretenimiento para todos nuestros invitados\u201d expres\u00f3 Alberto Carrasquero, vicepresidente de operaciones y mercadeo de Cines Unidos.<\/p>\n<p>Las entradas se pueden adquirir a trav\u00e9s de la web, CINESUNIDOS.com y en las taquillas<\/p>\n<p>de Cines Unidos L\u00edder.<\/p>\n","protected":false},"excerpt":{"rendered":"<p>Por Luis Alder Benitez El pr\u00f3ximo 2 de junio contin\u00faa la segunda temporada de la C\u00e1tedra del Pop en la sala 8 de Cines Unidos L\u00edder. En esta oportunidad, se reunir\u00e1n los fan\u00e1ticos de Marvel: un Universo de H\u00e9roes. Luis Carlos D\u00edaz, en compa\u00f1\u00eda de los catedr\u00e1ticos analizar\u00e1n el mundo de los superh\u00e9roes, estos personajes [&hellip;]<\/p>\n","protected":false},"author":2,"featured_media":5432,"comment_status":"closed","ping_status":"open","sticky":false,"template":"","format":"standard","meta":[],"categories":[4747,93,2],"tags":[6515,4770,1787,6623,1785,1786,2798,6622],"wppr_data":[],"_links":{"self":[{"href":"https:\/\/www.notaoficial.com\/s\/wp-json\/wp\/v2\/posts\/5431"}],"collection":[{"href":"https:\/\/www.notaoficial.com\/s\/wp-json\/wp\/v2\/posts"}],"about":[{"href":"https:\/\/www.notaoficial.com\/s\/wp-json\/wp\/v2\/types\/post"}],"author":[{"embeddable":true,"href":"https:\/\/www.notaoficial.com\/s\/wp-json\/wp\/v2\/users\/2"}],"replies":[{"embeddable":true,"href":"https:\/\/www.notaoficial.com\/s\/wp-json\/wp\/v2\/comments?post=5431"}],"version-history":[{"count":1,"href":"https:\/\/www.notaoficial.com\/s\/wp-json\/wp\/v2\/posts\/5431\/revisions"}],"predecessor-version":[{"id":5433,"href":"https:\/\/www.notaoficial.com\/s\/wp-json\/wp\/v2\/posts\/5431\/revisions\/5433"}],"wp:featuredmedia":[{"embeddable":true,"href":"https:\/\/www.notaoficial.com\/s\/wp-json\/wp\/v2\/media\/5432"}],"wp:attachment":[{"href":"https:\/\/www.notaoficial.com\/s\/wp-json\/wp\/v2\/media?parent=5431"}],"wp:term":[{"taxonomy":"category","embeddable":true,"href":"https:\/\/www.notaoficial.com\/s\/wp-json\/wp\/v2\/categories?post=5431"},{"taxonomy":"post_tag","embeddable":true,"href":"https:\/\/www.notaoficial.com\/s\/wp-json\/wp\/v2\/tags?post=5431"}],"curies":[{"name":"wp","href":"https:\/\/api.w.org\/{rel}","templated":true}]}}