{"id":5474,"date":"2019-06-05T11:17:53","date_gmt":"2019-06-05T15:17:53","guid":{"rendered":"http:\/\/www.notaoficial.com\/s\/?p=5474"},"modified":"2019-06-05T10:20:22","modified_gmt":"2019-06-05T14:20:22","slug":"un-viaje-a-portugal-concierto-con-sabor-a-folclor-portugues","status":"publish","type":"post","link":"https:\/\/www.notaoficial.com\/s\/2019\/06\/05\/un-viaje-a-portugal-concierto-con-sabor-a-folclor-portugues\/","title":{"rendered":"Un \u00abViaje a Portugal\u00bb Concierto con sabor a folclor portugu\u00e9s"},"content":{"rendered":"<p>La m\u00fasica tradicional tiene la particularidad de sumergirnos profundamente en la cultura de un pa\u00eds.\u00a0\u00a0Muchas veces, los sonidos y los cantos de los pueblos tienen el sabor ancestral de varios siglos de historia y tradici\u00f3n. En el caso de Portugal, pa\u00eds de gran tradici\u00f3n musical y de distintos ritmos, la m\u00fasica tradicional revela el colorido de las distintas regiones de este bello pa\u00eds europeo.\u00a0<strong>El concierto un \u201cViaje a Portugal\u201d ser\u00e1 as\u00ed una oportunidad para visitar la naci\u00f3n lusa, sin salir de Caracas, a trav\u00e9s de una selecci\u00f3n de piezas populares, con sabor a folclor, y otras de fados portugueses, ya conocidos por el p\u00fablico con su toque nost\u00e1lgico, donde se nos ir\u00e1 revelando un pa\u00eds lleno de encanto y poes\u00eda.<\/strong><\/p>\n<p>La cita es el\u00a0<strong>domingo 16 de junio, a las 11 a.m., en el Aula Magna de la Universidad Central de Venezuela<\/strong>, cuando Portugal conmemorar\u00e1 su d\u00eda presentando este concierto titulado un\u00a0<strong>\u201cViaje a Portugal\u201d<\/strong>, con la\u00a0<strong>Orquesta Sinf\u00f3nica de Venezuela bajo la conducci\u00f3n del maestro Alfredo Rugeles<\/strong>\u00a0y la interpretaci\u00f3n de la cantante luso venezolana\u00a0<strong>Liliana De Faria.<\/strong>\u00a0La entrada ser\u00e1 libre y el evento es posible gracias a la\u00a0<strong>Embajada de Portugal en Caracas<\/strong>\u00a0y el\u00a0<strong>Instituto\u00a0Cam\u00f5es\u00a0&#8211;\u00a0<wbr \/>Instituto da Coopera\u00e7\u00e3o e da L\u00edngua<\/strong>, con el patrocinio de<strong>\u00a0Caixa Geral de Dep\u00f3sitos\u00a0<\/strong>y la cooperaci\u00f3n de la\u00a0<strong>Direcci\u00f3n de Cultura de la UCV.<\/strong><\/p>\n<p>Ser\u00e1 un recorrido donde las letras se volver\u00e1n poes\u00eda en la boca de\u00a0<strong>Liliana De Faria<\/strong>, quien cantar\u00e1 estas viejas \u201ccantigas\u201d que muchas veces sol\u00edamos escuchar de los labios de nuestros abuelos y que nos llevar\u00e1n de paseo a regiones bien espec\u00edficas de Portugal. Desde los ritmos del Alentejo, pasando por los cantos de la raya portuguesa, llegaremos hasta las provincias de Beira Alta, y del norte como Minho y Tr\u00e1s-os-montes, sin olvidar el fado de Lisboa y Coimbra, patrimonio inmaterial de la humanidad, o el hermoso folclor de la bella isla de Madeira.<\/p>\n<p><strong>Liliana De Faria\u00a0<\/strong>comenz\u00f3 desde muy temprano sus estudios musicales en el Conservatorio de M\u00fasica Sim\u00f3n Bol\u00edvar. Particip\u00f3 como flautista y cantante coral en diversos escenarios en Venezuela y Estados Unidos. Tambi\u00e9n perteneci\u00f3 como acordeonista y cantante vocal en el Grupo Folkl\u00f3rico \u201cDan\u00e7as y Cantares\u201d del Centro Portugu\u00e9s de Caracas, en el cual grab\u00f3 como solista el primer disco de la agrupaci\u00f3n. Nos ha representado como luso venezolana en eventos en el exterior, tales como en \u00a0Madeira, Lisboa y Rep\u00fablica Dominicana, entre otros. Es la segunda vez que es seleccionada para conmemorar el D\u00eda de Portugal. Desde el 2005, comenz\u00f3 a desempe\u00f1arse como cantante independiente de fados, \u00a0el cual ha sido el g\u00e9nero musical m\u00e1s admirado y el que disfruta hacer en la actualidad porque transmite el temperamento nost\u00e1lgico y so\u00f1ador de su gentilicio.<\/p>\n<p>La m\u00fasica es una manera sencilla y accesible de descubrir el idioma, la cultura y la historia del pa\u00eds. Portugal \u00a0es internacionalmente conocido en la escena musical por su tradici\u00f3n del Fado, considerado la canci\u00f3n del alma, por su melod\u00eda y por la poes\u00eda de sus palabras, sin embargo, el pa\u00eds ha sido testigo de una reciente expansi\u00f3n de estilos musicales.\u00a0 Junto a la Orquesta Sinf\u00f3nica de Venezuela, bajo la batuta del maestro Rugeles y de la voz de\u00a0<strong>Liliana De Faria<\/strong>, viajaremos a la melancol\u00eda y a la poes\u00eda de la m\u00fasica folcl\u00f3rica popular, con temas como \u00a0<strong>\u201cAbril En Portugal (Coimbra)\u201d<\/strong>,\u00a0<strong>Fado de 1947<\/strong>\u00a0que la famosa fadista Amalia Rodr\u00edguez popularizara como una de sus canciones m\u00e1s emblem\u00e1ticas y tambi\u00e9n se interpretar\u00e1\u00a0<strong>\u201c\u00d3 Laurindinha\u00bb<\/strong>, una canci\u00f3n popular portuguesa sobre las guerras que separan los amores.\u00a0<strong>\u201cSaias Raianas\u201d<\/strong>,\u00a0<strong>\u201cA saia da Carolina\u201d<\/strong>,\u00a0<strong>\u201c\u00d3 rama \u00f3 que linda rama\u201d<\/strong>, tambi\u00e9n incluyen el variado repertorio, as\u00ed como la bella canci\u00f3n dedicada a la capital\u00a0<strong>\u201cLisboa cheira bem\u201d<\/strong>.<\/p>\n<p>El significado literal de Fado es \u00abhado, destino\u00bb, lo mismo que \u00absaudade\u00bb podr\u00eda traducirse como \u00aba\u00f1oranza, melancol\u00eda o nostalgia\u00bb. Pero estas traducciones no logran transmitir la fuerza, poes\u00eda y pasi\u00f3n que hay en esas dos palabras, porque constituyen toda una actitud y un modo de vida \u00fanico: el portugu\u00e9s.<\/p>\n<p><strong>Las entradas gratuitas para este magno evento \u00a0se podr\u00e1n retirar el\u00a0\u00a0martes 11 y mi\u00e9rcoles 12 en las taquillas del Aula Magna, de 9:00 a.m. a 12:00 m. y tambi\u00e9n dos horas antes del evento.<\/strong>\u00a0Habr\u00e1 seguridad en la UCV para estacionar los veh\u00edculos, as\u00ed que no se puede faltar a este hermoso concierto, que coincide con el \u201cD\u00eda del Padre\u201d, para una celebraci\u00f3n musical en familia, con sabor a folclor portugu\u00e9s.<\/p>\n","protected":false},"excerpt":{"rendered":"<p>La m\u00fasica tradicional tiene la particularidad de sumergirnos profundamente en la cultura de un pa\u00eds.\u00a0\u00a0Muchas veces, los sonidos y los cantos de los pueblos tienen el sabor ancestral de varios siglos de historia y tradici\u00f3n. En el caso de Portugal, pa\u00eds de gran tradici\u00f3n musical y de distintos ritmos, la m\u00fasica tradicional revela el colorido [&hellip;]<\/p>\n","protected":false},"author":2,"featured_media":5475,"comment_status":"closed","ping_status":"open","sticky":false,"template":"","format":"standard","meta":[],"categories":[463,2],"tags":[6690,6693,2197,6692,6691,1116,213,6689],"wppr_data":[],"_links":{"self":[{"href":"https:\/\/www.notaoficial.com\/s\/wp-json\/wp\/v2\/posts\/5474"}],"collection":[{"href":"https:\/\/www.notaoficial.com\/s\/wp-json\/wp\/v2\/posts"}],"about":[{"href":"https:\/\/www.notaoficial.com\/s\/wp-json\/wp\/v2\/types\/post"}],"author":[{"embeddable":true,"href":"https:\/\/www.notaoficial.com\/s\/wp-json\/wp\/v2\/users\/2"}],"replies":[{"embeddable":true,"href":"https:\/\/www.notaoficial.com\/s\/wp-json\/wp\/v2\/comments?post=5474"}],"version-history":[{"count":1,"href":"https:\/\/www.notaoficial.com\/s\/wp-json\/wp\/v2\/posts\/5474\/revisions"}],"predecessor-version":[{"id":5476,"href":"https:\/\/www.notaoficial.com\/s\/wp-json\/wp\/v2\/posts\/5474\/revisions\/5476"}],"wp:featuredmedia":[{"embeddable":true,"href":"https:\/\/www.notaoficial.com\/s\/wp-json\/wp\/v2\/media\/5475"}],"wp:attachment":[{"href":"https:\/\/www.notaoficial.com\/s\/wp-json\/wp\/v2\/media?parent=5474"}],"wp:term":[{"taxonomy":"category","embeddable":true,"href":"https:\/\/www.notaoficial.com\/s\/wp-json\/wp\/v2\/categories?post=5474"},{"taxonomy":"post_tag","embeddable":true,"href":"https:\/\/www.notaoficial.com\/s\/wp-json\/wp\/v2\/tags?post=5474"}],"curies":[{"name":"wp","href":"https:\/\/api.w.org\/{rel}","templated":true}]}}