{"id":5527,"date":"2019-06-08T22:02:09","date_gmt":"2019-06-09T02:02:09","guid":{"rendered":"http:\/\/www.notaoficial.com\/s\/?p=5527"},"modified":"2019-06-08T18:03:58","modified_gmt":"2019-06-08T22:03:58","slug":"ensamble-gurrufiocelebra-en-caracas-35-anos-de-musica-venezolana","status":"publish","type":"post","link":"https:\/\/www.notaoficial.com\/s\/2019\/06\/08\/ensamble-gurrufiocelebra-en-caracas-35-anos-de-musica-venezolana\/","title":{"rendered":"Ensamble Gurruf\u00edocelebra en caracas 35 a\u00f1os de m\u00fasica venezolana"},"content":{"rendered":"<p><b>H<\/b>ijo del contraste que asume, bajo el cristal de lo cotidiano, sonoridades e identidades diversas, el lenguaje musical de las ciudades parece nutrirse de la voz cosmog\u00f3nica y agraria de lo rural, que adquiere nuevos\u00a0 rostros y expresiones en las incesantes interacciones que las dinamizan.<\/p>\n<p>Urbana y plural, la trayectoria de <b>Ensamble Gurruf\u00edo<\/b> traza un atemporal mapa demarcado por la b\u00fasqueda de otras sonoridades y el registro de regiones culturales reconocidas a punta de fraseos abiertos, reinterpretaciones y diversidad.<\/p>\n<p>As\u00ed, nuestros g\u00e9neros m\u00e1s conocidos como el joropo, el vals, el merengue o la danza, se han redefinido en la territorialidad abierta de sus ejecuciones vers\u00e1tiles y libres que reflejan, a otra velocidad y otro color, los sonidos y matices de una tradici\u00f3n.<\/p>\n<p>Maestros del cuatro, el contrabajo, la flauta y las maracas, sus integrantes: Cheo Hurtado, David Pe\u00f1a, Luis Julio Toro y Juan Ernesto Laya, se re\u00fanen el pr\u00f3ximo 30 de junio para celebrar m\u00e1s de tres d\u00e9cadas de un itinerario lleno de grandes momentos y logros, con un espect\u00e1culo antol\u00f3gico que llenar\u00e1 de buena m\u00fasica y gratos momentos la sala de conciertos del Centro Cultural BOD: <b><i>35 a\u00f1os de m\u00fasica venezolana: El Reencuentro<\/i><\/b>.<\/p>\n<p><b>Tradici\u00f3n y Modernidad<\/b><\/p>\n<p>Largo \u00a0ha sido el camino que, ha transitado esta agrupaci\u00f3n que gestada en el citadino ambiente caraque\u00f1o, se fue transformando en plural y colectivo cimiento del patrimonio sonoro de Venezuela.<br \/>\nEn este tiempo, el talento y talante de sus integrantes ha trascendido las fronteras de lo local, llevando esta propuesta instrumental a los m\u00e1s diversos lugares del mundo.<\/p>\n<p>Y es que presentaciones en casi ochenta pa\u00edses han convertido a esta agrupaci\u00f3n en referencia mundial del alt\u00edsimo nivel de nuestra m\u00fasica tradicional. Sus producciones discogr\u00e1ficas, todas ganadoras de discos de Oro y Platino, y sus espect\u00e1culos, dejan entrever una direccionalidad que tiende a universalizar el sentido polirr\u00edtmico e integrador de Venezuela.<\/p>\n<p>Tambi\u00e9n ha sido notable el esfuerzo de conformar la <i>Camerata Criolla<\/i>, orquesta de c\u00e1mara que une a algunos de los mejores m\u00fasicos de formaci\u00f3n acad\u00e9mica del pa\u00eds con otros de arraigo popular, para explorar y explotar, en formato sinf\u00f3nico, los elementos universales de nuestros g\u00e9neros musicales a trav\u00e9s de la ejecuci\u00f3n de composiciones de autores contempor\u00e1neos.<\/p>\n<p>\u201cDesde su debut en el a\u00f1o 2002, ha servido de plataforma para difundir nuestra m\u00fasica en otro formato y estimular la creaci\u00f3n. Obras como <i>El reto: la leyenda de Florentino y el Diablo<\/i> o <i>T\u00edo Tigre y T\u00edo Conejo: La piedra del zamuro<\/i> han representado una exitosa muestra de esta iniciativa.<\/p>\n<p>En este 2019, el relato de la b\u00fasqueda de este flexible ensamble proyecta renovadas v\u00edas en la \u00a0celebraci\u00f3n de sus treinta y cinco a\u00f1os, proyecto que comenz\u00f3 en agosto de 2018 con el reencuentro de sus integrantes originales en Francia y Espa\u00f1a.<\/p>\n<p>Conciertos en el exterior y en otras ciudades del pa\u00eds, conjugando conciertos y el taller \u201cAprende y toca con Ensamble Gurruf\u00edo\u201d, son algunas de las actividades que anuncia para los pr\u00f3ximos meses.<br \/>\nLos amantes de la m\u00fasica venezolana est\u00e1n invitados a esta festiva celebraci\u00f3n aniversario en el Centro Cultural BOD.<\/p>\n<p>Las entradas para <b><i>Ensamble Gurruf\u00edo? 35 a\u00f1os de m\u00fasica venezolana&#8230;El Reencuentro<\/i><\/b>, est\u00e1n disponibles en las taquillas Centro Cultural BOD, en La Castellana, abierta de lunes a domingo de 10:00 a.m. a 5:00 p.m. Tambi\u00e9n pueden adquirirse a trav\u00e9s de las taquillas externas y plataforma web de <a href=\"http:\/\/ticketmundo.com\" target=\"_blank\" rel=\"noopener\" data-saferedirecturl=\"https:\/\/www.google.com\/url?q=http:\/\/ticketmundo.com&amp;source=gmail&amp;ust=1560114940170000&amp;usg=AFQjCNHjxsBE2XOPG4tEsaFsHSafxpZROQ\">ticketmundo.com<\/a>.<\/p>\n","protected":false},"excerpt":{"rendered":"<p>Hijo del contraste que asume, bajo el cristal de lo cotidiano, sonoridades e identidades diversas, el lenguaje musical de las ciudades parece nutrirse de la voz cosmog\u00f3nica y agraria de lo rural, que adquiere nuevos\u00a0 rostros y expresiones en las incesantes interacciones que las dinamizan. Urbana y plural, la trayectoria de Ensamble Gurruf\u00edo traza un [&hellip;]<\/p>\n","protected":false},"author":2,"featured_media":5528,"comment_status":"closed","ping_status":"open","sticky":false,"template":"","format":"standard","meta":[],"categories":[463,2],"tags":[379,2454],"wppr_data":[],"_links":{"self":[{"href":"https:\/\/www.notaoficial.com\/s\/wp-json\/wp\/v2\/posts\/5527"}],"collection":[{"href":"https:\/\/www.notaoficial.com\/s\/wp-json\/wp\/v2\/posts"}],"about":[{"href":"https:\/\/www.notaoficial.com\/s\/wp-json\/wp\/v2\/types\/post"}],"author":[{"embeddable":true,"href":"https:\/\/www.notaoficial.com\/s\/wp-json\/wp\/v2\/users\/2"}],"replies":[{"embeddable":true,"href":"https:\/\/www.notaoficial.com\/s\/wp-json\/wp\/v2\/comments?post=5527"}],"version-history":[{"count":1,"href":"https:\/\/www.notaoficial.com\/s\/wp-json\/wp\/v2\/posts\/5527\/revisions"}],"predecessor-version":[{"id":5529,"href":"https:\/\/www.notaoficial.com\/s\/wp-json\/wp\/v2\/posts\/5527\/revisions\/5529"}],"wp:featuredmedia":[{"embeddable":true,"href":"https:\/\/www.notaoficial.com\/s\/wp-json\/wp\/v2\/media\/5528"}],"wp:attachment":[{"href":"https:\/\/www.notaoficial.com\/s\/wp-json\/wp\/v2\/media?parent=5527"}],"wp:term":[{"taxonomy":"category","embeddable":true,"href":"https:\/\/www.notaoficial.com\/s\/wp-json\/wp\/v2\/categories?post=5527"},{"taxonomy":"post_tag","embeddable":true,"href":"https:\/\/www.notaoficial.com\/s\/wp-json\/wp\/v2\/tags?post=5527"}],"curies":[{"name":"wp","href":"https:\/\/api.w.org\/{rel}","templated":true}]}}