{"id":5581,"date":"2019-06-12T16:16:59","date_gmt":"2019-06-12T20:16:59","guid":{"rendered":"http:\/\/www.notaoficial.com\/s\/?p=5581"},"modified":"2019-06-12T16:16:59","modified_gmt":"2019-06-12T20:16:59","slug":"la-banda-trapera-del-rio-avanza-el-tema-condicion-de-traidor-de-su-nuevo-album-quemando-el-futuro","status":"publish","type":"post","link":"https:\/\/www.notaoficial.com\/s\/2019\/06\/12\/la-banda-trapera-del-rio-avanza-el-tema-condicion-de-traidor-de-su-nuevo-album-quemando-el-futuro\/","title":{"rendered":"LA BANDA TRAPERA DEL R\u00cdO avanza el tema \u00abCondici\u00f3n de Traidor\u00bb de su nuevo \u00e1lbum \u00abQuemando el Futuro\u00bb"},"content":{"rendered":"<p align=\"justify\"><span style=\"font-size: small;\"><b>La Banda Trapera Del R\u00edo<\/b> naci\u00f3 en el barrio barcelon\u00e9s de San Ildefonso de Cornell\u00e1 de Llobregat. Su trayectoria musical empieza en el conflictivo <b>1976<\/b>, paralelamente al <b>estallido punk<\/b> brit\u00e1nico y por ello, se les considera precursores del mismo en el estado espa\u00f1ol, aunque los miembros del grupo no se consideraban punks\u2026 Lo suyo era un <b>rock urbano y descarnado<\/b>.<\/span><\/p>\n<p align=\"justify\"><span style=\"font-size: small;\">Mezclaban en sus primeros conciertos un repertorio de composiciones propias junto con versiones de cl\u00e1sicos del rock&#8217;n&#8217;roll en castellano, y desde ese momento empezaron a hacerse populares gracias a su actitud provocadora generada por la puesta en el escenario y por sus letras inusuales que para su \u00e9poca resultan aut\u00e9nticos eructos con olor a alcantarilla en la cara de la sociedad biempensante. Conscientes de su origen obrero y erigi\u00e9ndose en representantes de la imagen m\u00e1s canalla y molesta de la misma, consiguen enviar una sonora flatulencia al habitante de la vecina gran urbe, al que enfrentan con muchas de las contradicciones y heridas abiertas de su vida diaria de una manera despiadada.<\/span><\/p>\n<p align=\"justify\"><span style=\"font-size: small;\">La m\u00edtica Banda Trapera, pionera del rock por estos lares, vuelve con un nuevo \u00e1lbum bajo del brazo compuesto completamente de temas nuevos y con un t\u00edtulo expl\u00edcito que denota su filosof\u00eda de vida, <b>\u201cQUEMANDO EL FUTURO\u201d<\/b>, tal y como lo han sido siempre sus canciones, incendiarias y macarras. Rock and roll con clase para mentes desobedientes sin dejar de lado su lado m\u00e1s salvaje, su esencia y su marca inconfundible e incontrolable.<\/span><\/p>\n<p align=\"justify\"><span style=\"font-size: small;\">Fueron y son hijos del detritus urbano, brigada rockera de los nacidos en el barro. Fuera o no punk lo que tocaron, nadie les niega su condici\u00f3n de ratas de alcantarilla cuyos escupitajos bien pudieron ser fuente de inspiraci\u00f3n tanto de nuevas generaciones de roedores del asfalto como Eskorbuto o R.I.P. como de poetas bastardos como Extremoduro.<\/span><\/p>\n<p align=\"justify\"><span style=\"font-size: small;\"><b>\u201cQUEMANDO EL FUTURO\u201d<\/b> se grab\u00f3 y mezcl\u00f3 en <b>EM Estudi<\/b> por <b>Xavi Escribano<\/b>. Disponible desde el <b>7 de junio del 2019<\/b> en <b>formato f\u00edsico en CD con un cuidado digipack y en edici\u00f3n limitada de VINILO para coleccionistas<\/b>. Tambi\u00e9n disponible en formato digital. <\/span><\/p>\n<p align=\"justify\"><span style=\"font-size: small;\">Atentxs!<\/span><\/p>\n","protected":false},"excerpt":{"rendered":"<p>La Banda Trapera Del R\u00edo naci\u00f3 en el barrio barcelon\u00e9s de San Ildefonso de Cornell\u00e1 de Llobregat. Su trayectoria musical empieza en el conflictivo 1976, paralelamente al estallido punk brit\u00e1nico y por ello, se les considera precursores del mismo en el estado espa\u00f1ol, aunque los miembros del grupo no se consideraban punks\u2026 Lo suyo era [&hellip;]<\/p>\n","protected":false},"author":2,"featured_media":5582,"comment_status":"closed","ping_status":"open","sticky":false,"template":"","format":"standard","meta":[],"categories":[146],"tags":[6852,6851,6853],"wppr_data":[],"_links":{"self":[{"href":"https:\/\/www.notaoficial.com\/s\/wp-json\/wp\/v2\/posts\/5581"}],"collection":[{"href":"https:\/\/www.notaoficial.com\/s\/wp-json\/wp\/v2\/posts"}],"about":[{"href":"https:\/\/www.notaoficial.com\/s\/wp-json\/wp\/v2\/types\/post"}],"author":[{"embeddable":true,"href":"https:\/\/www.notaoficial.com\/s\/wp-json\/wp\/v2\/users\/2"}],"replies":[{"embeddable":true,"href":"https:\/\/www.notaoficial.com\/s\/wp-json\/wp\/v2\/comments?post=5581"}],"version-history":[{"count":1,"href":"https:\/\/www.notaoficial.com\/s\/wp-json\/wp\/v2\/posts\/5581\/revisions"}],"predecessor-version":[{"id":5583,"href":"https:\/\/www.notaoficial.com\/s\/wp-json\/wp\/v2\/posts\/5581\/revisions\/5583"}],"wp:featuredmedia":[{"embeddable":true,"href":"https:\/\/www.notaoficial.com\/s\/wp-json\/wp\/v2\/media\/5582"}],"wp:attachment":[{"href":"https:\/\/www.notaoficial.com\/s\/wp-json\/wp\/v2\/media?parent=5581"}],"wp:term":[{"taxonomy":"category","embeddable":true,"href":"https:\/\/www.notaoficial.com\/s\/wp-json\/wp\/v2\/categories?post=5581"},{"taxonomy":"post_tag","embeddable":true,"href":"https:\/\/www.notaoficial.com\/s\/wp-json\/wp\/v2\/tags?post=5581"}],"curies":[{"name":"wp","href":"https:\/\/api.w.org\/{rel}","templated":true}]}}