{"id":5584,"date":"2019-06-12T18:17:21","date_gmt":"2019-06-12T22:17:21","guid":{"rendered":"http:\/\/www.notaoficial.com\/s\/?p=5584"},"modified":"2019-06-12T16:19:08","modified_gmt":"2019-06-12T20:19:08","slug":"el-kanka-todo-vendido-en-sus-tres-conciertos-en-argentina","status":"publish","type":"post","link":"https:\/\/www.notaoficial.com\/s\/2019\/06\/12\/el-kanka-todo-vendido-en-sus-tres-conciertos-en-argentina\/","title":{"rendered":"El Kanka: todo vendido en sus tres conciertos en Argentina"},"content":{"rendered":"<p><strong>El Kanka<\/strong>\u00a0se lleva los aplausos argentinos <strong>agotando los shows de C\u00f3rdoba, Rosario y Niceto Club (Buenos Aires) <\/strong>con su disco <strong><em>El arte de saltar <\/em><\/strong>que pasea durante este mes por Latinoam\u00e9rica en una gira que ha bautizado como<strong> \u00abEl arte de saltar el charco\u00bb<\/strong>.<\/p>\n<p>En los pr\u00f3ximos d\u00edas, <strong>El Kanka <\/strong>viajar\u00e1 a Santiago de Chile <strong>(Chile)<\/strong>;\u00a0Lima y Arequipa <strong>(Per\u00fa)<\/strong>;\u00a0Cuenca y Quito <strong>(Ecuador)<\/strong>;\u00a0Bucaramanga, Tunja, Bogot\u00e1, Medell\u00edn y Villavicencio <strong>(Colombia)<\/strong>; y Puebla, Ciudad de M\u00e9xico y Monterrey <strong>(M\u00e9xico)<\/strong>.<\/p>\n<p>A su vuelta a Espa\u00f1a, el malague\u00f1o se embarcar\u00e1 en la gira\u00a0<strong><em>Donde caben dos caben tres<\/em><\/strong>, una gira de grandes aforos que <strong>dar\u00e1 comienzo el 14 de septiembre en el Centro de Arte Contempor\u00e1neo de Sevilla<\/strong> para despu\u00e9s llegar a <strong>Val\u00e8ncia<\/strong> (20 de septiembre en Auditorio Burjassot), <strong>Murcia<\/strong> (cambio de fecha al 27 de septiembre en Parque Fof\u00f3), <strong>Granada<\/strong> (28 de septiembre en recinto Granda Sound), <strong>Ja\u00e9n<\/strong> (11 de octubre en Auditorio La Alameda), <strong>M\u00e1laga<\/strong> (12 de octubre en Auditorio Cortijo), <strong>A Coru\u00f1a<\/strong> (18 de octubre en Sala Pel\u00edcano), <strong>Bilbao<\/strong> (25 de octubre en Sala Santana),<strong> Pamplona<\/strong> (8 de noviembre en Sala Zentral),<strong> Gij\u00f3n <\/strong>(9 de noviembre en Sala Albeniz), <strong>Santander <\/strong>(15 de noviembre en Escenario Santander),<strong> Valladolid <\/strong>(16 de noviembre en Sala Blanca), <strong>Barcelona <\/strong>(23 de noviembre en Sant Jordi Club), <strong>C\u00e1diz<\/strong> (4 de diciembre en Teatro Falla), <strong>C\u00e1ceres<\/strong> (20 de diciembre en Palacio de Congresos) y el colof\u00f3n final en <strong>Madrid<\/strong>, en <strong>la sala m\u00e1s grande de todas por las que ha pasado el malague\u00f1o en su historia y en la que pretende reunir bajo un mismo techo a miles de fans<\/strong>\u00a0(1 de febrero en Wizink Center).<\/p>\n","protected":false},"excerpt":{"rendered":"<p>El Kanka\u00a0se lleva los aplausos argentinos agotando los shows de C\u00f3rdoba, Rosario y Niceto Club (Buenos Aires) con su disco El arte de saltar que pasea durante este mes por Latinoam\u00e9rica en una gira que ha bautizado como \u00abEl arte de saltar el charco\u00bb. En los pr\u00f3ximos d\u00edas, El Kanka viajar\u00e1 a Santiago de Chile [&hellip;]<\/p>\n","protected":false},"author":2,"featured_media":5585,"comment_status":"closed","ping_status":"open","sticky":false,"template":"","format":"standard","meta":[],"categories":[146],"tags":[4908,4054,6854,3864],"wppr_data":[],"_links":{"self":[{"href":"https:\/\/www.notaoficial.com\/s\/wp-json\/wp\/v2\/posts\/5584"}],"collection":[{"href":"https:\/\/www.notaoficial.com\/s\/wp-json\/wp\/v2\/posts"}],"about":[{"href":"https:\/\/www.notaoficial.com\/s\/wp-json\/wp\/v2\/types\/post"}],"author":[{"embeddable":true,"href":"https:\/\/www.notaoficial.com\/s\/wp-json\/wp\/v2\/users\/2"}],"replies":[{"embeddable":true,"href":"https:\/\/www.notaoficial.com\/s\/wp-json\/wp\/v2\/comments?post=5584"}],"version-history":[{"count":1,"href":"https:\/\/www.notaoficial.com\/s\/wp-json\/wp\/v2\/posts\/5584\/revisions"}],"predecessor-version":[{"id":5586,"href":"https:\/\/www.notaoficial.com\/s\/wp-json\/wp\/v2\/posts\/5584\/revisions\/5586"}],"wp:featuredmedia":[{"embeddable":true,"href":"https:\/\/www.notaoficial.com\/s\/wp-json\/wp\/v2\/media\/5585"}],"wp:attachment":[{"href":"https:\/\/www.notaoficial.com\/s\/wp-json\/wp\/v2\/media?parent=5584"}],"wp:term":[{"taxonomy":"category","embeddable":true,"href":"https:\/\/www.notaoficial.com\/s\/wp-json\/wp\/v2\/categories?post=5584"},{"taxonomy":"post_tag","embeddable":true,"href":"https:\/\/www.notaoficial.com\/s\/wp-json\/wp\/v2\/tags?post=5584"}],"curies":[{"name":"wp","href":"https:\/\/api.w.org\/{rel}","templated":true}]}}