{"id":5587,"date":"2019-06-12T21:19:19","date_gmt":"2019-06-13T01:19:19","guid":{"rendered":"http:\/\/www.notaoficial.com\/s\/?p=5587"},"modified":"2019-06-12T16:20:57","modified_gmt":"2019-06-12T20:20:57","slug":"20-20-reune-a-cantante-cubano-y-productor-ingles","status":"publish","type":"post","link":"https:\/\/www.notaoficial.com\/s\/2019\/06\/12\/20-20-reune-a-cantante-cubano-y-productor-ingles\/","title":{"rendered":"\u00ab20 20\u00bb re\u00fane a cantante cubano y productor ingl\u00e9s"},"content":{"rendered":"<p align=\"justify\"><strong>\u00ab20 20\u00bb<\/strong> es el t\u00edtulo del primer corte musical producido por el joven londinense <strong>Bilal<\/strong>, quien cont\u00f3 con el exponente cubano <strong>Amilcar<\/strong> para realizar este nuevo tema.<\/p>\n<p align=\"justify\">Bilal comenz\u00f3 a tocar el viol\u00edn desde los 5 a\u00f1os y a temprana edad comenz\u00f3 a trabajar en la composici\u00f3n y la producci\u00f3n, rama de la m\u00fasica donde se ha sentido m\u00e1s identificado y ha podido perfeccionar su estilo que presenta en \u00ab20 20\u00bb.<\/p>\n<p align=\"justify\">\u00abQuise hacer 20 20 como parte de la madurez que siento como productor y porque tambi\u00e9n me gusta explorar en diferentes g\u00e9neros musicales para todo tipo de p\u00fablico\u00bb expres\u00f3 el joven desde Inglaterra.<\/p>\n<p align=\"justify\">Amilcar, experimentado int\u00e9rprete cubano, reconocido por su participaci\u00f3n con Warapo y Habana Blues, acept\u00f3 el reto de interpretar y componer este tema junto a Bilal donde juntos esperan un buen respaldo del p\u00fablico gracias a esta combinaci\u00f3n de letras y melod\u00edas.<\/p>\n<p align=\"justify\">\u00ab20 20\u00bb sale en <a href=\"https:\/\/sable.madmimi.com\/c\/28511?id=10823336.12620.1.d6f7b3526277b1b9494c947ccf011b0a\" target=\"_blank\" rel=\"noopener\" data-saferedirecturl=\"https:\/\/www.google.com\/url?q=https:\/\/sable.madmimi.com\/c\/28511?id%3D10823336.12620.1.d6f7b3526277b1b9494c947ccf011b0a&amp;source=gmail&amp;ust=1560456800850000&amp;usg=AFQjCNFTfINArvn5Wys0IU9MFm6_utqG4w\">Spotify<\/a> y todas las plataformas digitales a partir de hoy 5 de junio, dando as\u00ed el inicio formal de esta colaboraci\u00f3n de la que se esperan grandes frutos entre ambos artistas.<\/p>\n<p>&nbsp;<\/p>\n","protected":false},"excerpt":{"rendered":"<p>\u00ab20 20\u00bb es el t\u00edtulo del primer corte musical producido por el joven londinense Bilal, quien cont\u00f3 con el exponente cubano Amilcar para realizar este nuevo tema. Bilal comenz\u00f3 a tocar el viol\u00edn desde los 5 a\u00f1os y a temprana edad comenz\u00f3 a trabajar en la composici\u00f3n y la producci\u00f3n, rama de la m\u00fasica donde [&hellip;]<\/p>\n","protected":false},"author":2,"featured_media":5588,"comment_status":"closed","ping_status":"open","sticky":false,"template":"","format":"standard","meta":[],"categories":[146],"tags":[6855,6857,6856],"wppr_data":[],"_links":{"self":[{"href":"https:\/\/www.notaoficial.com\/s\/wp-json\/wp\/v2\/posts\/5587"}],"collection":[{"href":"https:\/\/www.notaoficial.com\/s\/wp-json\/wp\/v2\/posts"}],"about":[{"href":"https:\/\/www.notaoficial.com\/s\/wp-json\/wp\/v2\/types\/post"}],"author":[{"embeddable":true,"href":"https:\/\/www.notaoficial.com\/s\/wp-json\/wp\/v2\/users\/2"}],"replies":[{"embeddable":true,"href":"https:\/\/www.notaoficial.com\/s\/wp-json\/wp\/v2\/comments?post=5587"}],"version-history":[{"count":1,"href":"https:\/\/www.notaoficial.com\/s\/wp-json\/wp\/v2\/posts\/5587\/revisions"}],"predecessor-version":[{"id":5589,"href":"https:\/\/www.notaoficial.com\/s\/wp-json\/wp\/v2\/posts\/5587\/revisions\/5589"}],"wp:featuredmedia":[{"embeddable":true,"href":"https:\/\/www.notaoficial.com\/s\/wp-json\/wp\/v2\/media\/5588"}],"wp:attachment":[{"href":"https:\/\/www.notaoficial.com\/s\/wp-json\/wp\/v2\/media?parent=5587"}],"wp:term":[{"taxonomy":"category","embeddable":true,"href":"https:\/\/www.notaoficial.com\/s\/wp-json\/wp\/v2\/categories?post=5587"},{"taxonomy":"post_tag","embeddable":true,"href":"https:\/\/www.notaoficial.com\/s\/wp-json\/wp\/v2\/tags?post=5587"}],"curies":[{"name":"wp","href":"https:\/\/api.w.org\/{rel}","templated":true}]}}