{"id":5612,"date":"2019-06-14T20:31:13","date_gmt":"2019-06-15T00:31:13","guid":{"rendered":"http:\/\/www.notaoficial.com\/s\/?p=5612"},"modified":"2019-06-14T20:31:13","modified_gmt":"2019-06-15T00:31:13","slug":"caligula-una-adiccion-al-poder","status":"publish","type":"post","link":"https:\/\/www.notaoficial.com\/s\/2019\/06\/14\/caligula-una-adiccion-al-poder\/","title":{"rendered":"Cal\u00edgula una adicci\u00f3n al poder"},"content":{"rendered":"<p>La Fundaci\u00f3n Rajatabla y la Alianza Francesa, se unen para presentar desde el 14 de junio hasta el 7 de julio en la Sala Rajatabla de Bellas Artes \u2013 Caracas, el cl\u00e1sico teatral \u201cCal\u00edgula\u201d del novelista, ensayista, dramaturgo, fil\u00f3sofo y periodista franc\u00e9s Albert Camus.<\/p>\n<p>Esta obra est\u00e1 versionada al espa\u00f1ol por Joaqu\u00edn Vida, bajo la direcci\u00f3n de Marisol Mart\u00ednez y la producci\u00f3n general de William L\u00f3pez. El p\u00fablico tendr\u00e1 la oportunidad de explorar de viernes a domingo, un espect\u00e1culo original en el que Cal\u00edgula se muestra como una persona que es incapaz de ser feliz a pesar de su libertad sin l\u00edmites.<\/p>\n<p>Mart\u00ednez se\u00f1al\u00f3 que esta es una puesta en escena atemporal, ecl\u00e9ctica y adaptada en una \u00e9poca que podr\u00eda ser cualquiera, inclusive la actual. Adem\u00e1s, expone la poes\u00eda de lo inhumano y narra c\u00f3mo la adicci\u00f3n por el poder hace del personaje principal un tirano.<\/p>\n<p>El amor, la amistad y la compasi\u00f3n, son desatendidos por Cal\u00edgula al no encontrarle ning\u00fan sentido a la vida. \u201cLa incapacidad de sentir \u00e9stas emociones reflejan el vac\u00edo de la existencia; \u00e9l intuye que con o sin ellas, el sufrimiento continuar\u00e1\u201d, explica Mart\u00ednez en su lectura de este cl\u00e1sico del teatro moderno.<\/p>\n<p>La pieza del premiado maestro franc\u00e9s Albert Camus, desnuda la naturaleza del personaje en una cr\u00edtica al extremo de lo absurdo. Los protagonistas recorren esta historia \u201cborderline\u201d sobre el delirante emperador Romano que si bien al principio fue admirado por sus compatriotas, se convirti\u00f3 en un dictador enloquecido que fue arrastrado por su adicci\u00f3n al poder y su b\u00fasqueda de lo imposible.<\/p>\n<p>Manteniendo la tradici\u00f3n de Rajatabla, desde la \u00f3ptica de su director y fundador Carlos Gim\u00e9nez, \u00e9sta obra habla sobre la potestad, la injusticia, los pueblos oprimidos y las desigualdades sociales.<\/p>\n<p>Estos son temas recurrentes al arte y a la sociedad contempor\u00e1nea, adem\u00e1s de ser abordados en montajes anteriores de Rajatabla, tales como \u201cFuenteovejuna\u201d, \u201cSe\u00f1or presidente\u201d, \u201cMi pa\u00eds est\u00e1 feliz\u201d, entre otros.<\/p>\n<p>Daniela Rojas encargada de cultura de la Alianza Francesa, asegura que esta obra hace parte de los programas que utiliza la instituci\u00f3n como mecanismo de fortalecimiento e intercambio de cultura entre Venezuela y Francia, para as\u00ed promover constantemente los eventos art\u00edsticos y seguir impulsando sus proyectas de estudios y aprendizaje para todas aquellas personas que deseen tener un nuevo idioma.<\/p>\n","protected":false},"excerpt":{"rendered":"<p>La Fundaci\u00f3n Rajatabla y la Alianza Francesa, se unen para presentar desde el 14 de junio hasta el 7 de julio en la Sala Rajatabla de Bellas Artes \u2013 Caracas, el cl\u00e1sico teatral \u201cCal\u00edgula\u201d del novelista, ensayista, dramaturgo, fil\u00f3sofo y periodista franc\u00e9s Albert Camus. Esta obra est\u00e1 versionada al espa\u00f1ol por Joaqu\u00edn Vida, bajo la [&hellip;]<\/p>\n","protected":false},"author":2,"featured_media":5613,"comment_status":"closed","ping_status":"open","sticky":false,"template":"","format":"standard","meta":[],"categories":[463,2],"tags":[861,6872,6870,49,6874,912,6871,6873],"wppr_data":[],"_links":{"self":[{"href":"https:\/\/www.notaoficial.com\/s\/wp-json\/wp\/v2\/posts\/5612"}],"collection":[{"href":"https:\/\/www.notaoficial.com\/s\/wp-json\/wp\/v2\/posts"}],"about":[{"href":"https:\/\/www.notaoficial.com\/s\/wp-json\/wp\/v2\/types\/post"}],"author":[{"embeddable":true,"href":"https:\/\/www.notaoficial.com\/s\/wp-json\/wp\/v2\/users\/2"}],"replies":[{"embeddable":true,"href":"https:\/\/www.notaoficial.com\/s\/wp-json\/wp\/v2\/comments?post=5612"}],"version-history":[{"count":1,"href":"https:\/\/www.notaoficial.com\/s\/wp-json\/wp\/v2\/posts\/5612\/revisions"}],"predecessor-version":[{"id":5614,"href":"https:\/\/www.notaoficial.com\/s\/wp-json\/wp\/v2\/posts\/5612\/revisions\/5614"}],"wp:featuredmedia":[{"embeddable":true,"href":"https:\/\/www.notaoficial.com\/s\/wp-json\/wp\/v2\/media\/5613"}],"wp:attachment":[{"href":"https:\/\/www.notaoficial.com\/s\/wp-json\/wp\/v2\/media?parent=5612"}],"wp:term":[{"taxonomy":"category","embeddable":true,"href":"https:\/\/www.notaoficial.com\/s\/wp-json\/wp\/v2\/categories?post=5612"},{"taxonomy":"post_tag","embeddable":true,"href":"https:\/\/www.notaoficial.com\/s\/wp-json\/wp\/v2\/tags?post=5612"}],"curies":[{"name":"wp","href":"https:\/\/api.w.org\/{rel}","templated":true}]}}