{"id":5666,"date":"2019-06-19T05:03:00","date_gmt":"2019-06-19T09:03:00","guid":{"rendered":"http:\/\/www.notaoficial.com\/s\/?p=5666"},"modified":"2019-06-19T00:04:50","modified_gmt":"2019-06-19T04:04:50","slug":"el-paisaje-caraqueno-llego-a-la-alianza-francesa","status":"publish","type":"post","link":"https:\/\/www.notaoficial.com\/s\/2019\/06\/19\/el-paisaje-caraqueno-llego-a-la-alianza-francesa\/","title":{"rendered":"El paisaje caraque\u00f1o lleg\u00f3 a la alianza francesa"},"content":{"rendered":"<p>Como parte de su innovador calendario cultural, y en el marco de la Semana de Francia, la Alianza Francesa sede La Castellana, presentar\u00e1 la exposici\u00f3n colectiva de 9 artistas venezolanos de la galer\u00eda Artesanal\u00eda, una muestra que se inaugurar\u00e1 el martes 18 de junio a las 4:30PM y estar\u00e1 abierta al p\u00fablico en general hasta el 30 de julio del 2019.<\/p>\n<p>Como es costumbre, la instituci\u00f3n pone a disposici\u00f3n sus espacios para el intercambio cultural, y esta oportunidad, ser\u00e1 propicia para disfrutar de una selecci\u00f3n de 15 obras que describir\u00e1n el \u00c1vila en m\u00faltiples tonalidades y visiones, plasmadas en cuadros pintados con acr\u00edlico u \u00f3leo y en impresiones procesadas digitalmente.<\/p>\n<p>La Alianza Francesa de la Castellana, con el patrocinio de la Embajada de Francia y de la galer\u00eda Artesanalia, proponen una reuni\u00f3n de artistas j\u00f3venes e inspiradores que representar\u00e1n este tapete verde y grande desde diferentes puntos de vista, pinceladas y miradas.<\/p>\n<p>La exposici\u00f3n se titula \u201cL\u00b4Avila: 9 perspectives\u201d, y est\u00e1 compuesta por 15 piezas \u00fanicas de gran formato acompa\u00f1adas con d\u00edpticos y tr\u00edpticos de diferentes tama\u00f1os, la alegr\u00eda emerge como denominador com\u00fan de todas las obras a trav\u00e9s de colores vivaces y trazos elocuentes.<\/p>\n<p>Apost\u00e1ndole siempre al pa\u00eds, Amanda de M\u00e1rquez y su familia, son los encargados del grupo de tiendas Artesanalia un nuevo espacio para el arte venezolano ubicado en la planta baja del centro Comercial\u00a0 Paseo las Mercedes, que desde hace algunas d\u00e9cadas, se han dedicado a promover la artesan\u00eda popular e ind\u00edgena, el arte ingenuo y piezas art\u00edsticas de todo el territorio nacional.<\/p>\n<p>A veces el \u00c1vila es sujeto desnudo en la naturaleza, otras se acerca al paisaje artificial de la ciudad o a escenas t\u00edpicas de la narrativa nacional. La misma monta\u00f1a, se coloca como l\u00ednea de fondo o act\u00faa como un recipiente que contiene im\u00e1genes abstractas, juegos visuales o mundos fant\u00e1sticos que se acercan al espectador a trav\u00e9s de la vista familiar y tendida.<\/p>\n<p>Con gran pasi\u00f3n, Artesanalia\u00a0 ha agrupado a artistas creativos que transportar\u00e1n a los espectadores con sus obras hacia espacios perceptivos tan diferentes que lograran llevar a reconocer contundentemente la vivacidad que a\u00fan caracteriza la producci\u00f3n art\u00edstica del pa\u00eds.<\/p>\n<p>La exposici\u00f3n estar\u00e1 abierta al p\u00fablico en horario de lunes a viernes de 8:00AM a 6.00PM, y los s\u00e1bados de 9:00AM a 12:00M.<\/p>\n<p>Para conocer m\u00e1s detalles sobre las actividades culturales y acad\u00e9micas de la instituci\u00f3n, puede ingresar a la p\u00e1gina oficial de la Alianza Francesa http:\/\/caracas.afvenezuela.org\/.Tambi\u00e9n pueden seguirlos a trav\u00e9s de sus cuentas en Instagram @afvenezuela, Twitter @afvenezuela y Facebook Alianza Francesa Venezuela<\/p>\n","protected":false},"excerpt":{"rendered":"<p>Como parte de su innovador calendario cultural, y en el marco de la Semana de Francia, la Alianza Francesa sede La Castellana, presentar\u00e1 la exposici\u00f3n colectiva de 9 artistas venezolanos de la galer\u00eda Artesanal\u00eda, una muestra que se inaugurar\u00e1 el martes 18 de junio a las 4:30PM y estar\u00e1 abierta al p\u00fablico en general hasta [&hellip;]<\/p>\n","protected":false},"author":2,"featured_media":5667,"comment_status":"closed","ping_status":"open","sticky":false,"template":"","format":"standard","meta":[],"categories":[860,140,2],"tags":[861,6937,6938],"wppr_data":[],"_links":{"self":[{"href":"https:\/\/www.notaoficial.com\/s\/wp-json\/wp\/v2\/posts\/5666"}],"collection":[{"href":"https:\/\/www.notaoficial.com\/s\/wp-json\/wp\/v2\/posts"}],"about":[{"href":"https:\/\/www.notaoficial.com\/s\/wp-json\/wp\/v2\/types\/post"}],"author":[{"embeddable":true,"href":"https:\/\/www.notaoficial.com\/s\/wp-json\/wp\/v2\/users\/2"}],"replies":[{"embeddable":true,"href":"https:\/\/www.notaoficial.com\/s\/wp-json\/wp\/v2\/comments?post=5666"}],"version-history":[{"count":1,"href":"https:\/\/www.notaoficial.com\/s\/wp-json\/wp\/v2\/posts\/5666\/revisions"}],"predecessor-version":[{"id":5668,"href":"https:\/\/www.notaoficial.com\/s\/wp-json\/wp\/v2\/posts\/5666\/revisions\/5668"}],"wp:featuredmedia":[{"embeddable":true,"href":"https:\/\/www.notaoficial.com\/s\/wp-json\/wp\/v2\/media\/5667"}],"wp:attachment":[{"href":"https:\/\/www.notaoficial.com\/s\/wp-json\/wp\/v2\/media?parent=5666"}],"wp:term":[{"taxonomy":"category","embeddable":true,"href":"https:\/\/www.notaoficial.com\/s\/wp-json\/wp\/v2\/categories?post=5666"},{"taxonomy":"post_tag","embeddable":true,"href":"https:\/\/www.notaoficial.com\/s\/wp-json\/wp\/v2\/tags?post=5666"}],"curies":[{"name":"wp","href":"https:\/\/api.w.org\/{rel}","templated":true}]}}