{"id":5680,"date":"2019-06-20T05:15:15","date_gmt":"2019-06-20T09:15:15","guid":{"rendered":"http:\/\/www.notaoficial.com\/s\/?p=5680"},"modified":"2019-06-20T01:17:10","modified_gmt":"2019-06-20T05:17:10","slug":"second-estrena-el-remix-de-mira-a-la-gente-firmado-por-david-van-bylen","status":"publish","type":"post","link":"https:\/\/www.notaoficial.com\/s\/2019\/06\/20\/second-estrena-el-remix-de-mira-a-la-gente-firmado-por-david-van-bylen\/","title":{"rendered":"Second estrena el remix de mira a la gente firmado por david van bylen"},"content":{"rendered":"<p>El pasado fin de semana en el entorno del <strong>Festival de los Sentidos<\/strong>, el <strong>Dj Mario Miranda<\/strong> <strong>estren\u00f3 en exclusiva durante su sesi\u00f3n<\/strong> el <strong>remix<\/strong> que <strong>David Van Bylen<\/strong> ha hecho del tema <strong><em>Mira a la gente <\/em><\/strong>de <strong>Second<\/strong>. Posteriormente, la banda murciana actu\u00f3 en el escenario principal del festival ante un p\u00fablico que no dejaba de corear cada una de sus canciones.<\/p>\n<p>Esta es la <strong>primera de las remezclas<\/strong> que se ir\u00e1n publicando de varios de los temas que forman parte del \u00faltimo \u00e1lbum de Second, <strong><em>Anillos y Ra\u00edces<\/em><\/strong>.\u00a0De momento, el <strong>remix<\/strong> de <strong><em>Mira a la gente<\/em> <\/strong>ya se puede encontrar en <a href=\"http:\/\/eomusica.trckacbm.com\/url\/ver\/38758605\/\/748338\/TzMrO9RBZLxPw5OU55qtuyJ5ox1wLpML5j8pHywQHSu3JhPQY7qs\" target=\"_blank\" rel=\"noopener\" data-saferedirecturl=\"https:\/\/www.google.com\/url?q=http:\/\/eomusica.trckacbm.com\/url\/ver\/38758605\/\/748338\/TzMrO9RBZLxPw5OU55qtuyJ5ox1wLpML5j8pHywQHSu3JhPQY7qs&amp;source=gmail&amp;ust=1561093084836000&amp;usg=AFQjCNHFrWVOpLWzQWTkY9men5taA0pBtg\">Spotify<\/a>, <a href=\"http:\/\/eomusica.trckacbm.com\/url\/ver\/38758606\/\/748338\/TzMrO9RBZLxPw5OU55qtuyJ5ox1wLpML5j8pHywQHSu3JhPQY7qs\" target=\"_blank\" rel=\"noopener\" data-saferedirecturl=\"https:\/\/www.google.com\/url?q=http:\/\/eomusica.trckacbm.com\/url\/ver\/38758606\/\/748338\/TzMrO9RBZLxPw5OU55qtuyJ5ox1wLpML5j8pHywQHSu3JhPQY7qs&amp;source=gmail&amp;ust=1561093084836000&amp;usg=AFQjCNEQ_hpVmghOzzr1Ohx2mJy0Y62j5g\">iTunes<\/a>, <a href=\"http:\/\/eomusica.trckacbm.com\/url\/ver\/38758607\/\/748338\/TzMrO9RBZLxPw5OU55qtuyJ5ox1wLpML5j8pHywQHSu3JhPQY7qs\" target=\"_blank\" rel=\"noopener\" data-saferedirecturl=\"https:\/\/www.google.com\/url?q=http:\/\/eomusica.trckacbm.com\/url\/ver\/38758607\/\/748338\/TzMrO9RBZLxPw5OU55qtuyJ5ox1wLpML5j8pHywQHSu3JhPQY7qs&amp;source=gmail&amp;ust=1561093084836000&amp;usg=AFQjCNECTAmMlRKrx92R8BhDEr9ZylAOtA\">Apple Music<\/a> y en el canal de <a href=\"http:\/\/eomusica.trckacbm.com\/url\/ver\/38758604\/\/748338\/TzMrO9RBZLxPw5OU55qtuyJ5ox1wLpML5j8pHywQHSu3JhPQY7qs\" target=\"_blank\" rel=\"noopener\" data-saferedirecturl=\"https:\/\/www.google.com\/url?q=http:\/\/eomusica.trckacbm.com\/url\/ver\/38758604\/\/748338\/TzMrO9RBZLxPw5OU55qtuyJ5ox1wLpML5j8pHywQHSu3JhPQY7qs&amp;source=gmail&amp;ust=1561093084836000&amp;usg=AFQjCNEmaRwXICQ3lbdbjNi4BIW0w51uCQ\">YouTube<\/a> de la banda. La portada es obra de Marc Bello.<\/p>\n<p>En estos momentos, <strong>Second<\/strong> est\u00e1n inmersos en una <strong>gira de festivales<\/strong> que les va a tener en ruta durante todo el verano.<\/p>\n<p><strong>GIRA ANILLOS Y RA\u00cdCES SECOND<\/strong><\/p>\n<p>29 de Junio. Festival Polifonik<\/p>\n<p>5 de Julio. Sil Fest<\/p>\n<p>6 de Julio. Weekend Beach Festival<\/p>\n<p>12 de Julio. Festival BBK Live<\/p>\n<p>27 de Julio. Low Festival<\/p>\n<p>2 de Agosto. Santander Music<\/p>\n<p>3 de Agosto. Arenal Sound<\/p>\n<p>8,9 y 10 de Agosto. Sonorama Ribera<\/p>\n<p>15,16 y 17 de Agosto. No sin m\u00fasica<\/p>\n<p>15. 16 y 17 de Agosto. Cootural Fest<\/p>\n<p>23 y 24 de Agosto. Festival Mediterranea<\/p>\n<p>30 de Agosto. Estaciones Sonoras<\/p>\n<p>31 de Agosto. Festival Gigante<\/p>\n<p>13 de Septiembre. Live The Roof Gij\u00f3n<\/p>\n<p>14 de Septiembre. Live The Roof Donosti (Entradas agotadas)<\/p>\n<p>15 de Septiembre. Live The Roof Barcelona (Entradas agotadas)<\/p>\n<p>20 y 21 de Septiembre. Granada Sound<\/p>\n<p>27 y 28 de Septiembre. SUM Festival<\/p>\n","protected":false},"excerpt":{"rendered":"<p>El pasado fin de semana en el entorno del Festival de los Sentidos, el Dj Mario Miranda estren\u00f3 en exclusiva durante su sesi\u00f3n el remix que David Van Bylen ha hecho del tema Mira a la gente de Second. Posteriormente, la banda murciana actu\u00f3 en el escenario principal del festival ante un p\u00fablico que no [&hellip;]<\/p>\n","protected":false},"author":2,"featured_media":5681,"comment_status":"closed","ping_status":"open","sticky":false,"template":"","format":"standard","meta":[],"categories":[146],"tags":[6943,6942,3804],"wppr_data":[],"_links":{"self":[{"href":"https:\/\/www.notaoficial.com\/s\/wp-json\/wp\/v2\/posts\/5680"}],"collection":[{"href":"https:\/\/www.notaoficial.com\/s\/wp-json\/wp\/v2\/posts"}],"about":[{"href":"https:\/\/www.notaoficial.com\/s\/wp-json\/wp\/v2\/types\/post"}],"author":[{"embeddable":true,"href":"https:\/\/www.notaoficial.com\/s\/wp-json\/wp\/v2\/users\/2"}],"replies":[{"embeddable":true,"href":"https:\/\/www.notaoficial.com\/s\/wp-json\/wp\/v2\/comments?post=5680"}],"version-history":[{"count":1,"href":"https:\/\/www.notaoficial.com\/s\/wp-json\/wp\/v2\/posts\/5680\/revisions"}],"predecessor-version":[{"id":5683,"href":"https:\/\/www.notaoficial.com\/s\/wp-json\/wp\/v2\/posts\/5680\/revisions\/5683"}],"wp:featuredmedia":[{"embeddable":true,"href":"https:\/\/www.notaoficial.com\/s\/wp-json\/wp\/v2\/media\/5681"}],"wp:attachment":[{"href":"https:\/\/www.notaoficial.com\/s\/wp-json\/wp\/v2\/media?parent=5680"}],"wp:term":[{"taxonomy":"category","embeddable":true,"href":"https:\/\/www.notaoficial.com\/s\/wp-json\/wp\/v2\/categories?post=5680"},{"taxonomy":"post_tag","embeddable":true,"href":"https:\/\/www.notaoficial.com\/s\/wp-json\/wp\/v2\/tags?post=5680"}],"curies":[{"name":"wp","href":"https:\/\/api.w.org\/{rel}","templated":true}]}}