{"id":5689,"date":"2019-06-21T13:45:58","date_gmt":"2019-06-21T17:45:58","guid":{"rendered":"http:\/\/www.notaoficial.com\/s\/?p=5689"},"modified":"2019-06-21T11:51:49","modified_gmt":"2019-06-21T15:51:49","slug":"una-nina-y-el-rey-de-la-selva-viven-una-conmovedora-amistad-en-mia-y-el-leon-blanco","status":"publish","type":"post","link":"https:\/\/www.notaoficial.com\/s\/2019\/06\/21\/una-nina-y-el-rey-de-la-selva-viven-una-conmovedora-amistad-en-mia-y-el-leon-blanco\/","title":{"rendered":"Una ni\u00f1a y el Rey de la Selva viven una conmovedora amistad  en \u201cMia y el Le\u00f3n Blanco\u201d"},"content":{"rendered":"<p style=\"text-align: center;\">Por Luis Carlos Alder Benitez<\/p>\n<p>\u201cMia y el Le\u00f3n Blanco\u201d llega a las salas de Cines Unidos desde el pr\u00f3ximo viernes 28 de junio. Mundo de Pel\u00edcula nos trae una asombrosa y conmovedora aventura para disfrutar con toda la familia, sobre la amistad de una ni\u00f1a con un peque\u00f1o y hermoso le\u00f3n blanco. Filmada en acci\u00f3n real, la historia nos adentra en un mundo aparentemente salvaje que es tan humano y sorprendente como la vida misma.<\/p>\n<p>Desde que era una ni\u00f1a, Mia (Daniah De Villiers) comienza una relaci\u00f3n extraordinaria con Charlie, un cachorro de le\u00f3n blanco nacido en la granja de leones de sus padres en Sud\u00e1frica. Durante varios a\u00f1os, crecer\u00e1n juntos y vivir\u00e1n una amistad incondicional. Cuando ella cumple 14 a\u00f1os, y Charlie ya se ha convertido en un hermoso le\u00f3n adulto, Mia descubre que lo van a vender a cazadores inescrupulosos. Al saber que su amigo est\u00e1 en peligro, Mia y el le\u00f3n emprender\u00e1n un viaje a trav\u00e9s de la sabana en busca de una tierra donde Charlie pueda vivir en libertad.<\/p>\n<p>Gilles de Maistre dirige esta aventura en donde todos los seres de la naturaleza la protagonizan. Ni\u00f1os y adultos disfrutar\u00e1n de un espect\u00e1culo delicadamente concebido, que transmite un mensaje de cari\u00f1o y respeto. Los animales reciben un trato especial, logrando empatizar con los fan\u00e1ticos de los contenidos ecol\u00f3gicos.<\/p>\n<p>La producci\u00f3n se apoy\u00f3 en Kevin Richardson, un experto en este tipo de animales salvajes; y el film tard\u00f3 m\u00e1s de tres a\u00f1os en rodarse, para poder lograr una verdadera relaci\u00f3n entre el le\u00f3n y la protagonista, Daniah De Villiers quienes crecieron juntos. Junto a ella, M\u00e9lanie Laurent y Langley Kirkwood (Dredd) completan el elenco principal.<\/p>\n","protected":false},"excerpt":{"rendered":"<p>Por Luis Carlos Alder Benitez \u201cMia y el Le\u00f3n Blanco\u201d llega a las salas de Cines Unidos desde el pr\u00f3ximo viernes 28 de junio. Mundo de Pel\u00edcula nos trae una asombrosa y conmovedora aventura para disfrutar con toda la familia, sobre la amistad de una ni\u00f1a con un peque\u00f1o y hermoso le\u00f3n blanco. Filmada en [&hellip;]<\/p>\n","protected":false},"author":2,"featured_media":5690,"comment_status":"closed","ping_status":"open","sticky":false,"template":"","format":"standard","meta":[],"categories":[4747,93,2],"tags":[4770,6948,6949,6950,6952,1787,1785,1786,6951],"wppr_data":[],"_links":{"self":[{"href":"https:\/\/www.notaoficial.com\/s\/wp-json\/wp\/v2\/posts\/5689"}],"collection":[{"href":"https:\/\/www.notaoficial.com\/s\/wp-json\/wp\/v2\/posts"}],"about":[{"href":"https:\/\/www.notaoficial.com\/s\/wp-json\/wp\/v2\/types\/post"}],"author":[{"embeddable":true,"href":"https:\/\/www.notaoficial.com\/s\/wp-json\/wp\/v2\/users\/2"}],"replies":[{"embeddable":true,"href":"https:\/\/www.notaoficial.com\/s\/wp-json\/wp\/v2\/comments?post=5689"}],"version-history":[{"count":1,"href":"https:\/\/www.notaoficial.com\/s\/wp-json\/wp\/v2\/posts\/5689\/revisions"}],"predecessor-version":[{"id":5691,"href":"https:\/\/www.notaoficial.com\/s\/wp-json\/wp\/v2\/posts\/5689\/revisions\/5691"}],"wp:featuredmedia":[{"embeddable":true,"href":"https:\/\/www.notaoficial.com\/s\/wp-json\/wp\/v2\/media\/5690"}],"wp:attachment":[{"href":"https:\/\/www.notaoficial.com\/s\/wp-json\/wp\/v2\/media?parent=5689"}],"wp:term":[{"taxonomy":"category","embeddable":true,"href":"https:\/\/www.notaoficial.com\/s\/wp-json\/wp\/v2\/categories?post=5689"},{"taxonomy":"post_tag","embeddable":true,"href":"https:\/\/www.notaoficial.com\/s\/wp-json\/wp\/v2\/tags?post=5689"}],"curies":[{"name":"wp","href":"https:\/\/api.w.org\/{rel}","templated":true}]}}