{"id":5699,"date":"2019-06-22T20:31:26","date_gmt":"2019-06-23T00:31:26","guid":{"rendered":"http:\/\/www.notaoficial.com\/s\/?p=5699"},"modified":"2019-06-22T20:31:26","modified_gmt":"2019-06-23T00:31:26","slug":"cinexart-revive-la-historia-de-venezuela-con-cap-2-intentos","status":"publish","type":"post","link":"https:\/\/www.notaoficial.com\/s\/2019\/06\/22\/cinexart-revive-la-historia-de-venezuela-con-cap-2-intentos\/","title":{"rendered":"CinexArt revive la historia de Venezuela con \u201cCAP 2 intentos\u201d"},"content":{"rendered":"<p style=\"text-align: center;\">Por Luis Carlos Alder Benitez<\/p>\n<p>El ciclo de cineforos de CinexArt contin\u00faa con el an\u00e1lisis y proyecci\u00f3n de \u201cCAP 2 intentos\u201d, el pr\u00f3ximo mi\u00e9rcoles 26 de junio, a las 5:00 p.m. En esta oportunidad, el panel estar\u00e1 integrado por el propio director del documental, Carlos Oteyza, la historiadora In\u00e9s Quintero y el periodista y m\u00e1ster en Ciencias Pol\u00edticas, Nehomar Hern\u00e1ndez, bajo la moderaci\u00f3n del periodista Humberto S\u00e1nchez Amaya.<\/p>\n<p>Ser\u00e1 un espacio para la reflexi\u00f3n sobre la segunda presidencia de Carlos Andr\u00e9s P\u00e9rez, quien fue destituido del cargo por el Tribunal Supremo de Justicia, en 1994 por estar incurso en hechos de corrupci\u00f3n. Los analistas tambi\u00e9n discutir\u00e1n las medidas econ\u00f3micas adoptadas por el mandatario y el giro radical con respecto a\u00a0 su primer gobierno (1974-1979).<\/p>\n<p>El largometraje es una minuciosa investigaci\u00f3n contada por los protagonistas e intelectuales de la \u00e9poca, como Diego Arria, Arnoldo Jos\u00e9 Gabald\u00f3n, Carlos Blanco y Miguel Rodr\u00edguez, entre otros.<\/p>\n<p><strong>Vuelve <em>The Queen Day<\/em> a CinexArt<\/strong><\/p>\n<p>A petici\u00f3n, una noche m\u00e1s para disfrutar de los grandes \u00e9xitos de Queen, la banda de rock liderada por Freddie Mercury, en un concierto sinf\u00f3nico con la Orquesta de Violas Ricardo Narv\u00e1ez y la proyecci\u00f3n de la pel\u00edcula <em>Bohemian Rhapsody<\/em>. La cita ser\u00e1 el pr\u00f3ximo s\u00e1bado 29 de junio, en CinexArt, en el piso 5 del Tol\u00f3n Fashion Mall, a partir de las 7 de la noche.<\/p>\n<p>Doce m\u00fasicos en escena y la mezzosoprano Marely, <em>i<\/em>nterpretar\u00e1n <em>I want to break free, We will rock you, We are the champions<\/em>, entre otros temas de la reconocida agrupaci\u00f3n que naci\u00f3 en Londres, en 1970 y que atrap\u00f3 la atenci\u00f3n del mundo entero.<\/p>\n<p>Y para completar el Queen Day, los asistentes disfrutar\u00e1n del largometraje <em>Bohemian Rhapsody<\/em> dirigido por Bryan Singer, ganador de 4 premios Oscar y 2 Globos de Oro, en 2019; y protagonizada por Rami Malek, quien tambi\u00e9n arras\u00f3 en la categor\u00eda de Mejor Actor este a\u00f1o, en los m\u00e1s importantes galardones de la industria cinematogr\u00e1fica.<\/p>\n<p>S\u00edguenos en nuestras redes <strong>@CinexArtVe<\/strong> para estar al d\u00eda con la agenda cultural de Caracas.<\/p>\n","protected":false},"excerpt":{"rendered":"<p>Por Luis Carlos Alder Benitez El ciclo de cineforos de CinexArt contin\u00faa con el an\u00e1lisis y proyecci\u00f3n de \u201cCAP 2 intentos\u201d, el pr\u00f3ximo mi\u00e9rcoles 26 de junio, a las 5:00 p.m. En esta oportunidad, el panel estar\u00e1 integrado por el propio director del documental, Carlos Oteyza, la historiadora In\u00e9s Quintero y el periodista y m\u00e1ster [&hellip;]<\/p>\n","protected":false},"author":2,"featured_media":5700,"comment_status":"closed","ping_status":"open","sticky":false,"template":"","format":"standard","meta":[],"categories":[258,93,2],"tags":[6965,4037,276,1787,1785,1786,6966],"wppr_data":[],"_links":{"self":[{"href":"https:\/\/www.notaoficial.com\/s\/wp-json\/wp\/v2\/posts\/5699"}],"collection":[{"href":"https:\/\/www.notaoficial.com\/s\/wp-json\/wp\/v2\/posts"}],"about":[{"href":"https:\/\/www.notaoficial.com\/s\/wp-json\/wp\/v2\/types\/post"}],"author":[{"embeddable":true,"href":"https:\/\/www.notaoficial.com\/s\/wp-json\/wp\/v2\/users\/2"}],"replies":[{"embeddable":true,"href":"https:\/\/www.notaoficial.com\/s\/wp-json\/wp\/v2\/comments?post=5699"}],"version-history":[{"count":1,"href":"https:\/\/www.notaoficial.com\/s\/wp-json\/wp\/v2\/posts\/5699\/revisions"}],"predecessor-version":[{"id":5701,"href":"https:\/\/www.notaoficial.com\/s\/wp-json\/wp\/v2\/posts\/5699\/revisions\/5701"}],"wp:featuredmedia":[{"embeddable":true,"href":"https:\/\/www.notaoficial.com\/s\/wp-json\/wp\/v2\/media\/5700"}],"wp:attachment":[{"href":"https:\/\/www.notaoficial.com\/s\/wp-json\/wp\/v2\/media?parent=5699"}],"wp:term":[{"taxonomy":"category","embeddable":true,"href":"https:\/\/www.notaoficial.com\/s\/wp-json\/wp\/v2\/categories?post=5699"},{"taxonomy":"post_tag","embeddable":true,"href":"https:\/\/www.notaoficial.com\/s\/wp-json\/wp\/v2\/tags?post=5699"}],"curies":[{"name":"wp","href":"https:\/\/api.w.org\/{rel}","templated":true}]}}