{"id":5713,"date":"2019-06-24T19:04:56","date_gmt":"2019-06-24T23:04:56","guid":{"rendered":"http:\/\/www.notaoficial.com\/s\/?p=5713"},"modified":"2019-06-24T17:08:47","modified_gmt":"2019-06-24T21:08:47","slug":"vulnerabilidad-critica-en-firefox-propicia-ataques-informaticos","status":"publish","type":"post","link":"https:\/\/www.notaoficial.com\/s\/2019\/06\/24\/vulnerabilidad-critica-en-firefox-propicia-ataques-informaticos\/","title":{"rendered":"Vulnerabilidad cr\u00edtica en Firefox propicia ataques inform\u00e1ticos"},"content":{"rendered":"<p>Una vulnerabilidad cr\u00edtica en Firefox que est\u00e1 siendo explotada por atacantes y requiere de la actualizaci\u00f3n del navegador por parte los usuarios para mitigar los da\u00f1os.<\/p>\n<p>El fallo fue descubierto por el investigador en seguridad de Project Zero de Google, Samuel Gro\u00df, y permite a un atacante ejecutar c\u00f3digo de manera arbitraria en equipos que no cuenten con la \u00faltima versi\u00f3n y tomar control total de sus equipos.<\/p>\n<p>Esto puede afectar a usuarios de Firefox tanto de escritorio, ya sea en Windows, macOS o Linux, as\u00ed como de Android, iOS y Amazon Fire TV. Seg\u00fan public\u00f3 ZDNet luego de dialogar con el investigador que descubri\u00f3 el bug, \u201cel fallo se ha estado explotando en ataques dirigidos hacia propietarios de criptomonedas, aunque no podemos precisar c\u00f3mo es que se explot\u00f3 la vulnerabilidad\u201d, explic\u00f3 Gro\u00df.<\/p>\n<p>Desde ESET se recomienda a todos los usuarios de Firefox instalar la \u00faltima versi\u00f3n del navegador para estar protegidos.<\/p>\n<p>\u201cLa educaci\u00f3n y concientizaci\u00f3n son los primeros pasos para lograr disfrutar de la tecnolog\u00eda de manera segura. Conocer los riesgos nos permite estar atentos, mantener nuestros equipos actualizados evitar dejar puertas abiertas a los cibercriminales y contar con soluciones de seguridad prevenir ataques.\u201d, coment\u00f3 Camilo Guti\u00e9rrez, Jefe del Laboratorio de Investigaci\u00f3n de ESET Latinoam\u00e9rica.<\/p>\n<p>El experto ESET puntualiz\u00f3 que est\u00e1 disponible la versi\u00f3n 67.0.3 de Firefox y la 60.7.1 para la versi\u00f3n con soporte extendido del navegador, m\u00e1s conocido como Firefox ESR. Ambas versiones fueron lanzadas recientemente para parchear una vulnerabilidad zero-day en el navegador que la propia compa\u00f1\u00eda catalog\u00f3 en un comunicado como cr\u00edtica. Adem\u00e1s, afirman que est\u00e1 siendo explotada de manera activa en ataques dirigidos.<\/p>\n<p>En este contexto, ESET Latinoam\u00e9rica invita el pr\u00f3ximo martes 25 de junio a las 14:00hs. (GMT \u2013 03) a su webinario \u201cDark web y el mercado negro del cibercrimen\u201d, que ser\u00e1 dictado por Luis Lubeck, Especialista en seguridad inform\u00e1tica de ESET Latinoam\u00e9rica, y Leandro Gonz\u00e1lez, Analista de Producto de ESET Latinoam\u00e9rica.<\/p>\n","protected":false},"excerpt":{"rendered":"<p>Una vulnerabilidad cr\u00edtica en Firefox que est\u00e1 siendo explotada por atacantes y requiere de la actualizaci\u00f3n del navegador por parte los usuarios para mitigar los da\u00f1os. El fallo fue descubierto por el investigador en seguridad de Project Zero de Google, Samuel Gro\u00df, y permite a un atacante ejecutar c\u00f3digo de manera arbitraria en equipos que [&hellip;]<\/p>\n","protected":false},"author":2,"featured_media":5714,"comment_status":"closed","ping_status":"open","sticky":false,"template":"","format":"standard","meta":[],"categories":[93,986,2],"tags":[988,6973,1750,6975,6974],"wppr_data":[],"_links":{"self":[{"href":"https:\/\/www.notaoficial.com\/s\/wp-json\/wp\/v2\/posts\/5713"}],"collection":[{"href":"https:\/\/www.notaoficial.com\/s\/wp-json\/wp\/v2\/posts"}],"about":[{"href":"https:\/\/www.notaoficial.com\/s\/wp-json\/wp\/v2\/types\/post"}],"author":[{"embeddable":true,"href":"https:\/\/www.notaoficial.com\/s\/wp-json\/wp\/v2\/users\/2"}],"replies":[{"embeddable":true,"href":"https:\/\/www.notaoficial.com\/s\/wp-json\/wp\/v2\/comments?post=5713"}],"version-history":[{"count":1,"href":"https:\/\/www.notaoficial.com\/s\/wp-json\/wp\/v2\/posts\/5713\/revisions"}],"predecessor-version":[{"id":5715,"href":"https:\/\/www.notaoficial.com\/s\/wp-json\/wp\/v2\/posts\/5713\/revisions\/5715"}],"wp:featuredmedia":[{"embeddable":true,"href":"https:\/\/www.notaoficial.com\/s\/wp-json\/wp\/v2\/media\/5714"}],"wp:attachment":[{"href":"https:\/\/www.notaoficial.com\/s\/wp-json\/wp\/v2\/media?parent=5713"}],"wp:term":[{"taxonomy":"category","embeddable":true,"href":"https:\/\/www.notaoficial.com\/s\/wp-json\/wp\/v2\/categories?post=5713"},{"taxonomy":"post_tag","embeddable":true,"href":"https:\/\/www.notaoficial.com\/s\/wp-json\/wp\/v2\/tags?post=5713"}],"curies":[{"name":"wp","href":"https:\/\/api.w.org\/{rel}","templated":true}]}}