{"id":5716,"date":"2019-06-24T20:09:03","date_gmt":"2019-06-25T00:09:03","guid":{"rendered":"http:\/\/www.notaoficial.com\/s\/?p=5716"},"modified":"2019-06-24T17:14:09","modified_gmt":"2019-06-24T21:14:09","slug":"javier-de-mabel-y-xu-pinghui","status":"publish","type":"post","link":"https:\/\/www.notaoficial.com\/s\/2019\/06\/24\/javier-de-mabel-y-xu-pinghui\/","title":{"rendered":"Javier de Mabel y Xu Pinghui"},"content":{"rendered":"<p>Es un placer para A New Label presentaros a un nuevo artista tan interesante como Javier de Mabel, con nuevos temas y pr\u00f3xima salida de su primer disco completo en 2020. Seg\u00fan nos cuenta \u00e9l mismo, estamos ante un m\u00fasico y compositor al que le mueve el privilegio de vivir por, para y de la m\u00fasica. \u201cEscribo e interpreto canciones\u201d. \u201cAmo el tiempo y su elasticidad\u201d. De hecho, se nos presenta \u00e9l mismo de manera m\u00e1s profusa:<\/p>\n<p>Soy Javier de Mabel, m\u00fasico y compositor navarro nacido en Pamplona. Me gusta componer canciones y una vez creadas, darles forma y producirlas con la banda de m\u00fasicos con los que trabajo para mis proyectos, siempre dejando libertad art\u00edstica al m\u00fasico para que aporte su grano de arena en el proceso. Una vez est\u00e1n todas las ideas expuestas sobre la mesa, hay que vestir y darle forma definitiva a lo que de verdad se convertir\u00e1 la pieza, un proceso de trabajo en equipo, donde por fin la obra cobra toda su dimensi\u00f3n.<\/p>\n<p>Aunque me gusta interpretar canciones en mi medio de trabajo, realmente mi objetivo musical es el proyecto personal JAVIER DE MABEL junto a la banda de m\u00fasicos XU PINGHUI. Es ah\u00ed de verdad donde se dan las circunstancias antes comentadas.<\/p>\n<p>Mi primer trabajo como \u201cJavier de Mabel &amp; Xu Pinghui\u201d llevar\u00e1 por nombre \u201cDe un verano tr\u00e1gico a perfecto\u201d. El disco consta de diez canciones totalmente terminadas, grabadas por el sonidista Danel Ciaurriz y producidas en el estudio de grabaci\u00f3n donde trabajamos por nosotros mismos. Son cortes musicales muy diferentes pero a la vez dentro de en un mismo estilo, donde se puede observar una cierta versatilidad musical y de composici\u00f3n. Pr\u00f3ximamente me gustar\u00eda llevar estos temas a los escenarios con p\u00fablico cercano que sienta y aprecie la m\u00fasica, y seguir componiendo nuevos temas para ir produciendo y grabando en el estudio de grabaci\u00f3n.<\/p>\n<p>Aunque el proyecto es liderado por m\u00ed como Javier de Mabel, de este proyecto forman parte todos y cada uno de los m\u00fasicos que me acompa\u00f1an en este viaje. Esta banda se llama XU PINGHUI. El disco con los 10 temas al completo se titulara: DE UN VERANO TR\u00c1GICO A PERFECTO, y saldr\u00e1 en 2020.<\/p>\n<p>De un verano tr\u00e1gico a perfecto:<\/p>\n<p>Son diez temas frescos, diferentes entre ellos, pero unidos por un contexto sonoro que los hace formar parte de una misma pieza. Respecto a las letras, me gusta escribir dando rienda suelta a todo tipo de sensaciones, sin expresar las cosas directamente. De manera metaf\u00f3rica y lo m\u00e1s l\u00edrica posible, me gusta hablar de momentos puntuales que me han ido pasando a lo largo de estos \u00faltimos a\u00f1os, sin mensaje directo, para que el oyente pueda llevarse el tema a su terreno y recrear su propia historia.<\/p>\n<p>La idea es ir desgranando poco a poco cada canci\u00f3n al p\u00fablico, siempre acompa\u00f1ada de una creaci\u00f3n audiovisual espec\u00edficamente elaborada para cada tema. De hecho, actualmente hay tres temas del disco que se pueden ver en la red con su correspondiente video, y pronto lanzaremos el cuarto. Ahora, ya en verano, queremos grabar un video en ac\u00fastico de seis temas del disco, donde se nos ver\u00e1 por fin las caras a los m\u00fasicos al completo y tocando, y se podr\u00e1 apreciar la sonoridad que llevaremos a los directos ya tras del verano.<\/p>\n<p>Lo que queremos ofrecer al publico una sonoridad el\u00e9ctrica en el disco y despu\u00e9s una versi\u00f3n de nuestras propias canciones en una formaci\u00f3n de cinco componentes y de manera ac\u00fastica (voz, violoncello, ac\u00fastica, contrabajo y Percusi\u00f3n). Ahora mismo XU PINGHUI lo forman: Igor Saenz, David Burgui, Rub\u00e9n S\u00e1nchez, I\u00f1igo Goldaracena.<\/p>\n<p>Canciones explicadas:<\/p>\n<p>Tambi\u00e9n, para entender mejor el particular mundo creativo y de inquietudes de este artista, el propio protagonista nos habla de alguna de sus \u00faltimas canciones:<\/p>\n<p><strong>\u00a0DE UN VERANO TR\u00c1GICO A PERFECTO<\/strong>: Detr\u00e1s de cualquier desgracia siempre se esconde una Luz. Solo hay que descubrirla y saber leer las se\u00f1ales que provocan sus sombras; confiar, soltar y atrevernos a dar el salto al vac\u00edo que tanto nos asusta, al estar siempre sostenidos. Ese vuelo nos impulsar\u00e1 y llevar\u00e1 all\u00ed donde nos corresponde estar.<br \/>\n\u201cXu Pinghui: Jonathan Hurtado (Piano)\u201d.<\/p>\n<p><strong>PURA VIDA<\/strong>: Esta inspirada en una historia de amor de pareja. Cuenta de manera fresca y metaf\u00f3rica, la sensaci\u00f3n que se siente al estar compartiendo tu vida y espacio con otra persona despu\u00e9s de un largo tiempo.<br \/>\n\u201cXu Pinghui: Igor Saenz (Violoncello), David Burgui (Guitarra), I\u00f1igo Goldaracena (Bajo), Rub\u00e9n S\u00e1nchez (Bater\u00eda)\u201d.<\/p>\n<p><strong>DULCE CALOR: <\/strong>Es una canci\u00f3n que habla del deseo y lo hace de una forma muy concreta. Nos evoca un deseo primerizo, adolescente, visceral, salvaje, rebelde. Un deseo desbocado que ha sentido todo ser humano por primera vez, cuando ni siquiera se es capaz de reconocer o identificar lo que est\u00e1 ocurriendo. Una sensaci\u00f3n que genera duda, incertidumbre y un miedo al rechazo atroz. Nos traslada a esas primeras veces en las que se siente una atracci\u00f3n absolutamente salvaje por alguien y no se sabe c\u00f3mo acercarse, c\u00f3mo entrar.<br \/>\n\u201cXu Pinghui: Julia Martinez (Voz), Igor Saenz (Violoncello), David Burgui (Guitarra), I\u00f1igo Goldaracena (Bajo), Juanma Urriza (Bater\u00eda)\u201d.<\/p>\n","protected":false},"excerpt":{"rendered":"<p>Es un placer para A New Label presentaros a un nuevo artista tan interesante como Javier de Mabel, con nuevos temas y pr\u00f3xima salida de su primer disco completo en 2020. Seg\u00fan nos cuenta \u00e9l mismo, estamos ante un m\u00fasico y compositor al que le mueve el privilegio de vivir por, para y de la [&hellip;]<\/p>\n","protected":false},"author":2,"featured_media":5717,"comment_status":"closed","ping_status":"open","sticky":false,"template":"","format":"standard","meta":[],"categories":[146],"tags":[3621,6976],"wppr_data":[],"_links":{"self":[{"href":"https:\/\/www.notaoficial.com\/s\/wp-json\/wp\/v2\/posts\/5716"}],"collection":[{"href":"https:\/\/www.notaoficial.com\/s\/wp-json\/wp\/v2\/posts"}],"about":[{"href":"https:\/\/www.notaoficial.com\/s\/wp-json\/wp\/v2\/types\/post"}],"author":[{"embeddable":true,"href":"https:\/\/www.notaoficial.com\/s\/wp-json\/wp\/v2\/users\/2"}],"replies":[{"embeddable":true,"href":"https:\/\/www.notaoficial.com\/s\/wp-json\/wp\/v2\/comments?post=5716"}],"version-history":[{"count":1,"href":"https:\/\/www.notaoficial.com\/s\/wp-json\/wp\/v2\/posts\/5716\/revisions"}],"predecessor-version":[{"id":5718,"href":"https:\/\/www.notaoficial.com\/s\/wp-json\/wp\/v2\/posts\/5716\/revisions\/5718"}],"wp:featuredmedia":[{"embeddable":true,"href":"https:\/\/www.notaoficial.com\/s\/wp-json\/wp\/v2\/media\/5717"}],"wp:attachment":[{"href":"https:\/\/www.notaoficial.com\/s\/wp-json\/wp\/v2\/media?parent=5716"}],"wp:term":[{"taxonomy":"category","embeddable":true,"href":"https:\/\/www.notaoficial.com\/s\/wp-json\/wp\/v2\/categories?post=5716"},{"taxonomy":"post_tag","embeddable":true,"href":"https:\/\/www.notaoficial.com\/s\/wp-json\/wp\/v2\/tags?post=5716"}],"curies":[{"name":"wp","href":"https:\/\/api.w.org\/{rel}","templated":true}]}}