{"id":5719,"date":"2019-06-24T21:16:04","date_gmt":"2019-06-25T01:16:04","guid":{"rendered":"http:\/\/www.notaoficial.com\/s\/?p=5719"},"modified":"2019-06-24T17:19:55","modified_gmt":"2019-06-24T21:19:55","slug":"reino-de-hades-publica-su-album-reflejos-del-caos-28-06","status":"publish","type":"post","link":"https:\/\/www.notaoficial.com\/s\/2019\/06\/24\/reino-de-hades-publica-su-album-reflejos-del-caos-28-06\/","title":{"rendered":"Reino de Hades publica su \u00e1lbum &#8216;Reflejos del Caos&#8217; (28\/06)"},"content":{"rendered":"<p align=\"justify\"><span lang=\"ES-TRAD\"><b>\u00abReflejos Del Caos\u00bb<\/b> es el segundo y tan esperado trabajo de la banda jiennense <b>REINO DE HADES<\/b>. Con una formaci\u00f3n estable y comprometida que no ha parado de actuar y trabajar a lo largo de los \u00faltimos a\u00f1os, nos presentan su nuevo LP. Un \u00e1lbum con un largo periodo de composici\u00f3n que demuestra la madurez y dedicaci\u00f3n de la banda, datando sus or\u00edgenes en hace m\u00e1s de 15 a\u00f1os. La mezcla de estilos, marcando sus toques folk en temas como su single <b>\u00abBarbanegra\u00bb<\/b> (con la colaboraci\u00f3n de <b>Miguel A. Franco de Saurom<\/b>) y su consistente base de heavy metal sigue siendo el estandarte de las nuevas canciones, estableciendo una tem\u00e1tica \u00e9pica e hist\u00f3rica como a ellos siempre les gusta, sin olvidar la cr\u00edtica social y personal que nunca dejan en el tintero.<\/span><\/p>\n<p align=\"justify\"><span style=\"font-size: small;\">Una grabaci\u00f3n y producci\u00f3n de alto nivel en <b>Bomtrack Records<\/b>, a cargo de <b>David F. Castro<\/b>, con la que la banda logra realzar su sonido caracter\u00edstico posicion\u00e1ndose como referente del <b>Folk Metal\/Heavy Metal<\/b> del panorama nacional.<\/span><\/p>\n<p align=\"justify\"><span style=\"font-size: small;\"><b>\u00abReflejos Del Caos\u00bb<\/b> nos ofrece 11 cortes musicales. La primera mitad del disco nos envuelve en leyendas y narraciones hist\u00f3ricas de su tierra, gracias a sus piezas instrumentales de vertiente m\u00e1s folk (violines, flautas, gaitas&#8230;) en el bloque de <b>\u00abEl Condestable\u00bb<\/b> y metalera a la vez como en <b>\u00abJasmina\u00bb<\/b>, para introducirnos en un sinf\u00edn de historias unidas a los diferentes estilos musicales de cada canci\u00f3n como denota el cierre del disco con <b>\u00abHellenika. Parte 1: El Reino de Zeus\u00bb<\/b>.<\/span><\/p>\n<p align=\"justify\"><span style=\"font-size: small;\">Sin duda alguna, una apuesta segura para los amantes del g\u00e9nero que podr\u00e1n disfrutar tanto del trabajo, como de los numerosos directos que nos tienen preparados en los pr\u00f3ximos meses.<\/span><\/p>\n<p>&nbsp;<\/p>\n","protected":false},"excerpt":{"rendered":"<p>\u00abReflejos Del Caos\u00bb es el segundo y tan esperado trabajo de la banda jiennense REINO DE HADES. Con una formaci\u00f3n estable y comprometida que no ha parado de actuar y trabajar a lo largo de los \u00faltimos a\u00f1os, nos presentan su nuevo LP. Un \u00e1lbum con un largo periodo de composici\u00f3n que demuestra la madurez [&hellip;]<\/p>\n","protected":false},"author":2,"featured_media":5720,"comment_status":"closed","ping_status":"open","sticky":false,"template":"","format":"standard","meta":[],"categories":[146],"tags":[6980,6979,6977,6978,5191],"wppr_data":[],"_links":{"self":[{"href":"https:\/\/www.notaoficial.com\/s\/wp-json\/wp\/v2\/posts\/5719"}],"collection":[{"href":"https:\/\/www.notaoficial.com\/s\/wp-json\/wp\/v2\/posts"}],"about":[{"href":"https:\/\/www.notaoficial.com\/s\/wp-json\/wp\/v2\/types\/post"}],"author":[{"embeddable":true,"href":"https:\/\/www.notaoficial.com\/s\/wp-json\/wp\/v2\/users\/2"}],"replies":[{"embeddable":true,"href":"https:\/\/www.notaoficial.com\/s\/wp-json\/wp\/v2\/comments?post=5719"}],"version-history":[{"count":1,"href":"https:\/\/www.notaoficial.com\/s\/wp-json\/wp\/v2\/posts\/5719\/revisions"}],"predecessor-version":[{"id":5721,"href":"https:\/\/www.notaoficial.com\/s\/wp-json\/wp\/v2\/posts\/5719\/revisions\/5721"}],"wp:featuredmedia":[{"embeddable":true,"href":"https:\/\/www.notaoficial.com\/s\/wp-json\/wp\/v2\/media\/5720"}],"wp:attachment":[{"href":"https:\/\/www.notaoficial.com\/s\/wp-json\/wp\/v2\/media?parent=5719"}],"wp:term":[{"taxonomy":"category","embeddable":true,"href":"https:\/\/www.notaoficial.com\/s\/wp-json\/wp\/v2\/categories?post=5719"},{"taxonomy":"post_tag","embeddable":true,"href":"https:\/\/www.notaoficial.com\/s\/wp-json\/wp\/v2\/tags?post=5719"}],"curies":[{"name":"wp","href":"https:\/\/api.w.org\/{rel}","templated":true}]}}