{"id":5727,"date":"2019-06-25T19:31:08","date_gmt":"2019-06-25T23:31:08","guid":{"rendered":"http:\/\/www.notaoficial.com\/s\/?p=5727"},"modified":"2019-06-25T10:34:40","modified_gmt":"2019-06-25T14:34:40","slug":"arte-contemporaneo-en-puja-por-campo-de-relampagos","status":"publish","type":"post","link":"https:\/\/www.notaoficial.com\/s\/2019\/06\/25\/arte-contemporaneo-en-puja-por-campo-de-relampagos\/","title":{"rendered":"Arte contempor\u00e1neo en puja por \u201cCampo de rel\u00e1mpagos\u201d"},"content":{"rendered":"<p dir=\"ltr\">Una obra de arte puede que nunca llegue a estar terminada si despu\u00e9s de ser expuesta no es objeto de an\u00e1lisis y cr\u00edtica. La revista digital Campo de rel\u00e1mpagos, fundada en abril de 2016 y considerada una de las m\u00e1s importantes publicadas en espa\u00f1ol, se ha dado a la tarea de difundir cada domingo textos de l\u00facida reflexi\u00f3n acerca de la construcci\u00f3n de los imaginarios contempor\u00e1neos; adem\u00e1s, mensualmente ofrece a sus lectores una obra en video de un artista destacado.<\/p>\n<p dir=\"ltr\">Sin embargo, mantener un site de este tipo y, sobre todo, fortalecer las necesidades de su redacci\u00f3n; remunerar con justeza el trabajo intelectual de sus colaboradores (investigadores, cr\u00edticos y artistas); conservar su independencia cr\u00edtica y seguir siendo una publicaci\u00f3n de libre circulaci\u00f3n y disponibilidad de sus contenidos, requiere de una inversi\u00f3n constante.<\/p>\n<p dir=\"ltr\">Es por ello que la Casa de Subastas Odalys de Madrid ha organizado la Subasta 267 Arte Contempor\u00e1neo, para Campo de Rel\u00e1mpagos, revista de cr\u00edtica, an\u00e1lisis y cultura visual, con la que por primera vez ofrecer\u00e1 en Espa\u00f1a obras de artistas contempor\u00e1neos, mayormente espa\u00f1oles y latinoamericanos.<\/p>\n<p dir=\"ltr\">La puja se realizar\u00e1 en dos etapas: una pre-subasta online, del 26 al 28 de junio, a trav\u00e9s de\u00a0<strong><a href=\"https:\/\/venezuelasinfonica.us12.list-manage.com\/track\/click?u=08a17eb35d58011ffe94d975f&amp;id=a8d9c6e868&amp;e=198c866098\" target=\"_blank\" rel=\"noopener\" data-saferedirecturl=\"https:\/\/www.google.com\/url?q=https:\/\/venezuelasinfonica.us12.list-manage.com\/track\/click?u%3D08a17eb35d58011ffe94d975f%26id%3Da8d9c6e868%26e%3D198c866098&amp;source=gmail&amp;ust=1561559238835000&amp;usg=AFQjCNHAR3VssccRWT-S_n1HOYW4mG_5vg\">www.odalys.com<\/a><\/strong>, y la exposici\u00f3n y subasta en vivo, que tendr\u00e1n lugar el s\u00e1bado 29 de junio, a las 12.00, en la sede de la galer\u00eda, ubicada en la Calle Orfila 5, 28010 Madrid.<\/p>\n<p dir=\"ltr\"><strong>\u201cLa raz\u00f3n de ser de esta subasta es continuar publicando la revista, continuar con nuestras publicaciones y con el pago a nuestros colaboradores, a los investigadores, a los cr\u00edticos, a los artistas y a todas las personas que hacen posible este proyecto\u201d<\/strong>, dice Mar\u00eda Virginia Jaua, directora de Campo de rel\u00e1mpagos.<\/p>\n<p dir=\"ltr\">Entre los artistas presentes en la subasta est\u00e1n Abraham Cruzvillegas (M\u00e9xico), Aldo Chaparro (Per\u00fa), \u00c1ngela Bonadies (Venezuela), Alexander Ap\u00f3stol (Venezuela), Antoni Muntadas (Espa\u00f1a), Daniel Garc\u00eda And\u00fajar (Espa\u00f1a), Dora Garc\u00eda (Espa\u00f1a), Felipe Ehremberg (M\u00e9xico), Ignasi Aball\u00ed (Espa\u00f1a), I\u00f1aki Bonillas (M\u00e9xico), Joan Fontcuberta (Espa\u00f1a), Jordi Colomer (Espa\u00f1a), Luis Felipe Ortega (M\u00e9xico), Miguel Calder\u00f3n (M\u00e9xico), Narelle Jubelin (Australia), Juan Usl\u00e9 (Espa\u00f1a) y Patrick Hamilton (Chile). Son en total 79 creadores que han cedido en conjunto 95 obras en apoyo a Campo de rel\u00e1mpagos.<\/p>\n<p dir=\"ltr\">El Grupo Odalys comparte la idea promovida por Campo de Rel\u00e1mpagos de que el di\u00e1logo acad\u00e9mico invita a la reflexi\u00f3n, y esta reflexi\u00f3n a su vez tiene su impacto definitivo en el proceso creativo subsiguiente. Es justamente en este contexto donde se hace imprescindible la existencia de espacios como el que ofrece esta revista digital.<\/p>\n<p dir=\"ltr\">Para registrarse en la subasta solo se debe escribir un mail a\u00a0<a href=\"mailto:pujas@odalys.com\" target=\"_blank\" rel=\"noopener\">pujas@odalys.com<\/a>. Se recibir\u00e1n pujas telef\u00f3nicas y en ausencia para quienes no puedan asistir a la subasta. El cat\u00e1logo podr\u00e1 descargarse gratuitamente en\u00a0<a href=\"https:\/\/venezuelasinfonica.us12.list-manage.com\/track\/click?u=08a17eb35d58011ffe94d975f&amp;id=5fb8c11594&amp;e=198c866098\" target=\"_blank\" rel=\"noopener\" data-saferedirecturl=\"https:\/\/www.google.com\/url?q=https:\/\/venezuelasinfonica.us12.list-manage.com\/track\/click?u%3D08a17eb35d58011ffe94d975f%26id%3D5fb8c11594%26e%3D198c866098&amp;source=gmail&amp;ust=1561559238835000&amp;usg=AFQjCNGgp9KozrEkqks0pXCD3lut_8Z3KQ\">www.odalys.com<\/a>.<\/p>\n","protected":false},"excerpt":{"rendered":"<p>Una obra de arte puede que nunca llegue a estar terminada si despu\u00e9s de ser expuesta no es objeto de an\u00e1lisis y cr\u00edtica. La revista digital Campo de rel\u00e1mpagos, fundada en abril de 2016 y considerada una de las m\u00e1s importantes publicadas en espa\u00f1ol, se ha dado a la tarea de difundir cada domingo textos [&hellip;]<\/p>\n","protected":false},"author":2,"featured_media":5729,"comment_status":"closed","ping_status":"open","sticky":false,"template":"","format":"standard","meta":[],"categories":[146],"tags":[6984,6985,6986,716,6987,7000,6988,6989,6990,6991,6992,6993,6994,6998,6995,1204,6996,6997,6983,6999],"wppr_data":[],"_links":{"self":[{"href":"https:\/\/www.notaoficial.com\/s\/wp-json\/wp\/v2\/posts\/5727"}],"collection":[{"href":"https:\/\/www.notaoficial.com\/s\/wp-json\/wp\/v2\/posts"}],"about":[{"href":"https:\/\/www.notaoficial.com\/s\/wp-json\/wp\/v2\/types\/post"}],"author":[{"embeddable":true,"href":"https:\/\/www.notaoficial.com\/s\/wp-json\/wp\/v2\/users\/2"}],"replies":[{"embeddable":true,"href":"https:\/\/www.notaoficial.com\/s\/wp-json\/wp\/v2\/comments?post=5727"}],"version-history":[{"count":1,"href":"https:\/\/www.notaoficial.com\/s\/wp-json\/wp\/v2\/posts\/5727\/revisions"}],"predecessor-version":[{"id":5730,"href":"https:\/\/www.notaoficial.com\/s\/wp-json\/wp\/v2\/posts\/5727\/revisions\/5730"}],"wp:featuredmedia":[{"embeddable":true,"href":"https:\/\/www.notaoficial.com\/s\/wp-json\/wp\/v2\/media\/5729"}],"wp:attachment":[{"href":"https:\/\/www.notaoficial.com\/s\/wp-json\/wp\/v2\/media?parent=5727"}],"wp:term":[{"taxonomy":"category","embeddable":true,"href":"https:\/\/www.notaoficial.com\/s\/wp-json\/wp\/v2\/categories?post=5727"},{"taxonomy":"post_tag","embeddable":true,"href":"https:\/\/www.notaoficial.com\/s\/wp-json\/wp\/v2\/tags?post=5727"}],"curies":[{"name":"wp","href":"https:\/\/api.w.org\/{rel}","templated":true}]}}