{"id":5734,"date":"2019-06-27T02:49:23","date_gmt":"2019-06-27T06:49:23","guid":{"rendered":"http:\/\/www.notaoficial.com\/s\/?p=5734"},"modified":"2019-06-27T01:51:04","modified_gmt":"2019-06-27T05:51:04","slug":"ballet-de-la-mar-celebra-su-quinta-promocion-y-fin-de-curso","status":"publish","type":"post","link":"https:\/\/www.notaoficial.com\/s\/2019\/06\/27\/ballet-de-la-mar-celebra-su-quinta-promocion-y-fin-de-curso\/","title":{"rendered":"Ballet de la mar celebra su quinta promoci\u00f3n y fin de curso"},"content":{"rendered":"<p>Del 27 al\u00a029 de junio de 2019, Ballet de la Mar celebra su fin de curso con 3 funciones y una Gala de graduaci\u00f3n en el Centro de Artes Omar Carre\u00f1o de La Asunci\u00f3n, en la isla de Margarita.<\/p>\n<p>La informaci\u00f3n la dio a conocer Martha Ildiko G\u00f3mez, directora art\u00edstica de Ballet de la Mar, al agregar que se ofrecer\u00e1n piezas de repertorio cl\u00e1sico, neocl\u00e1sico y contempor\u00e1neo para presentar a los seis graduandos de la V Promoci\u00f3n de la Escuela, quienes culminan su formaci\u00f3n acad\u00e9mica.<\/p>\n<p>En esta oportunidad se grad\u00faan seis bailarines: Jorge Urbina, quien dirige el Jazz de la Mar; Adri\u00e1n Garc\u00eda, quien dirige el Ballet Workout de La Mar; Alexandra Tineo y Kamila Rodr\u00edguez, ambas fundadoras del Ballet de la Mar; adem\u00e1s de Mariana Ignotto y Victoria Hern\u00e1ndez.<\/p>\n<p>Indic\u00f3 Marta Ildiko, que realizar\u00e1n tres funciones con la participaci\u00f3n de la academia en pleno, desde el kinder hasta los m\u00e1s avanzados, incluyendo los grupos de Ballet y de Jazz.<\/p>\n<p>Mariana Ignotto y Adri\u00e1n Garc\u00eda bailar\u00e1n el Pas de Deux de \u201cEl Corsario\u201d, Jorge Urbina y Kamila Rodr\u00edguez van a bailar \u201cDiana y Acte\u00f3n\u201d, Adri\u00e1n Garc\u00eda y Alexandra Tineo presentar\u00e1n \u201cAguas Primaverales\u201d, y Daniel G\u00f3mez acompa\u00f1ar\u00e1 a Victoria Hern\u00e1ndez en el Pas de Deux de \u201cTalism\u00e1n\u201d, compartiendo escena con el cuerpo de baile invitado de la Academia de Carolina G\u00f3mez de Juangriego.<\/p>\n<p>Las funciones ser\u00e1n los d\u00edas jueves 27 y viernes 28 de junio a las 6:00 pm y el s\u00e1bado 29 de junio a las 11:00 am. El acto de graduaci\u00f3n ser\u00e1 el s\u00e1bado 29 de junio a las 3:00 pm.<\/p>\n<p>Mayor informaci\u00f3n puede ser solicitada por la p\u00e1gina web: <a href=\"http:\/\/www.balletdelamar.com\" data-saferedirecturl=\"https:\/\/www.google.com\/url?q=http:\/\/www.balletdelamar.com&amp;source=gmail&amp;ust=1561700846898000&amp;usg=AFQjCNHBjnwYVD-56FMMK5e2OQTyHj3rFw\">www.balletdelamar.com<\/a>, a trav\u00e9s de las redes sociales @balletdelamar en twitter e Instagram o llamando al 0295-2670415<\/p>\n<p>&nbsp;<\/p>\n","protected":false},"excerpt":{"rendered":"<p>Del 27 al\u00a029 de junio de 2019, Ballet de la Mar celebra su fin de curso con 3 funciones y una Gala de graduaci\u00f3n en el Centro de Artes Omar Carre\u00f1o de La Asunci\u00f3n, en la isla de Margarita. La informaci\u00f3n la dio a conocer Martha Ildiko G\u00f3mez, directora art\u00edstica de Ballet de la Mar, [&hellip;]<\/p>\n","protected":false},"author":2,"featured_media":5736,"comment_status":"closed","ping_status":"open","sticky":false,"template":"","format":"standard","meta":[],"categories":[463,2],"tags":[840,829,1093,7003,7002,7004],"wppr_data":[],"_links":{"self":[{"href":"https:\/\/www.notaoficial.com\/s\/wp-json\/wp\/v2\/posts\/5734"}],"collection":[{"href":"https:\/\/www.notaoficial.com\/s\/wp-json\/wp\/v2\/posts"}],"about":[{"href":"https:\/\/www.notaoficial.com\/s\/wp-json\/wp\/v2\/types\/post"}],"author":[{"embeddable":true,"href":"https:\/\/www.notaoficial.com\/s\/wp-json\/wp\/v2\/users\/2"}],"replies":[{"embeddable":true,"href":"https:\/\/www.notaoficial.com\/s\/wp-json\/wp\/v2\/comments?post=5734"}],"version-history":[{"count":1,"href":"https:\/\/www.notaoficial.com\/s\/wp-json\/wp\/v2\/posts\/5734\/revisions"}],"predecessor-version":[{"id":5737,"href":"https:\/\/www.notaoficial.com\/s\/wp-json\/wp\/v2\/posts\/5734\/revisions\/5737"}],"wp:featuredmedia":[{"embeddable":true,"href":"https:\/\/www.notaoficial.com\/s\/wp-json\/wp\/v2\/media\/5736"}],"wp:attachment":[{"href":"https:\/\/www.notaoficial.com\/s\/wp-json\/wp\/v2\/media?parent=5734"}],"wp:term":[{"taxonomy":"category","embeddable":true,"href":"https:\/\/www.notaoficial.com\/s\/wp-json\/wp\/v2\/categories?post=5734"},{"taxonomy":"post_tag","embeddable":true,"href":"https:\/\/www.notaoficial.com\/s\/wp-json\/wp\/v2\/tags?post=5734"}],"curies":[{"name":"wp","href":"https:\/\/api.w.org\/{rel}","templated":true}]}}