{"id":5743,"date":"2019-06-27T06:55:16","date_gmt":"2019-06-27T10:55:16","guid":{"rendered":"http:\/\/www.notaoficial.com\/s\/?p=5743"},"modified":"2019-06-27T01:56:48","modified_gmt":"2019-06-27T05:56:48","slug":"camp-la-fogata-ofrece-la-mejor-experiencia-en-ingles-y-celebra-su-7mo-aniversario","status":"publish","type":"post","link":"https:\/\/www.notaoficial.com\/s\/2019\/06\/27\/camp-la-fogata-ofrece-la-mejor-experiencia-en-ingles-y-celebra-su-7mo-aniversario\/","title":{"rendered":"Camp La Fogata ofrece la mejor experiencia en ingl\u00e9s y celebra su 7mo aniversario"},"content":{"rendered":"<p>En julio comienzan las temporadas en el campamento <strong>Camp La Fogata<\/strong>, con su <strong>Day Camp<\/strong> y <strong>Sleep Away<\/strong>, donde los m\u00e1s peque\u00f1os de la casa podr\u00e1n disfrutar en un espacio libre y seguro, con un ambiente 100% en ingl\u00e9s. Es por ello que si est\u00e1s leyendo esto puedes llevarte un obsequio especial para que tus hijos disfruten de unas vacaciones inolvidables.<\/p>\n<p>El <strong>Day Camp<\/strong> est\u00e1 dirigido a ni\u00f1os entre los 2 y 15 a\u00f1os, y ser\u00e1n un total de 5 temporadas entre el 29 de julio al 30 de agosto, a tan solo cinco minutos de La Lagunita. Por otra parte, el <strong>Sleep Away<\/strong>, para edades entre 6 a 16 a\u00f1os, se llevar\u00e1 a cabo desde el 1 al 7 de septiembre, en Nirgua, Estado Yaracuy.<\/p>\n<p>Este viernes 28 de junio el campamento est\u00e1 de aniversario, y para celebrar sus 7 a\u00f1os estar\u00e1n obsequiando un <strong>s\u00faper descuento<\/strong>. Solo tienes que enviar ese mismo d\u00eda la frase \u201c<strong>La Fogata cumple 7<\/strong>\u201d al correo electr\u00f3nico <strong><a href=\"mailto:camplafogata@gmail.com\" target=\"_blank\" rel=\"noopener\">camplafogata@gmail.com<\/a><\/strong> con tus datos de contacto, y el equipo te har\u00e1 llegar un cup\u00f3n y se pondr\u00e1 en contacto contigo para brindarte m\u00e1s informaci\u00f3n.<\/p>\n<p>Si quieres saber m\u00e1s de toda esta experiencia, puedes visitar las redes sociales en Instagram, Twitter y Facebook como @camplafogata, la p\u00e1gina web <a href=\"http:\/\/www.camplafogata.com\" target=\"_blank\" rel=\"noopener\" data-saferedirecturl=\"https:\/\/www.google.com\/url?q=http:\/\/www.camplafogata.com&amp;source=gmail&amp;ust=1561700846829000&amp;usg=AFQjCNFY6EMkBs7EpM6V67zDSfw0aavhOQ\">www.camplafogata.com<\/a> o a trav\u00e9s del tel\u00e9fono 0412-3282829.<\/p>\n","protected":false},"excerpt":{"rendered":"<p>En julio comienzan las temporadas en el campamento Camp La Fogata, con su Day Camp y Sleep Away, donde los m\u00e1s peque\u00f1os de la casa podr\u00e1n disfrutar en un espacio libre y seguro, con un ambiente 100% en ingl\u00e9s. Es por ello que si est\u00e1s leyendo esto puedes llevarte un obsequio especial para que tus [&hellip;]<\/p>\n","protected":false},"author":2,"featured_media":5744,"comment_status":"closed","ping_status":"open","sticky":false,"template":"","format":"standard","meta":[],"categories":[6565,140,2],"tags":[7008,7006,7007,7009,431],"wppr_data":[],"_links":{"self":[{"href":"https:\/\/www.notaoficial.com\/s\/wp-json\/wp\/v2\/posts\/5743"}],"collection":[{"href":"https:\/\/www.notaoficial.com\/s\/wp-json\/wp\/v2\/posts"}],"about":[{"href":"https:\/\/www.notaoficial.com\/s\/wp-json\/wp\/v2\/types\/post"}],"author":[{"embeddable":true,"href":"https:\/\/www.notaoficial.com\/s\/wp-json\/wp\/v2\/users\/2"}],"replies":[{"embeddable":true,"href":"https:\/\/www.notaoficial.com\/s\/wp-json\/wp\/v2\/comments?post=5743"}],"version-history":[{"count":1,"href":"https:\/\/www.notaoficial.com\/s\/wp-json\/wp\/v2\/posts\/5743\/revisions"}],"predecessor-version":[{"id":5745,"href":"https:\/\/www.notaoficial.com\/s\/wp-json\/wp\/v2\/posts\/5743\/revisions\/5745"}],"wp:featuredmedia":[{"embeddable":true,"href":"https:\/\/www.notaoficial.com\/s\/wp-json\/wp\/v2\/media\/5744"}],"wp:attachment":[{"href":"https:\/\/www.notaoficial.com\/s\/wp-json\/wp\/v2\/media?parent=5743"}],"wp:term":[{"taxonomy":"category","embeddable":true,"href":"https:\/\/www.notaoficial.com\/s\/wp-json\/wp\/v2\/categories?post=5743"},{"taxonomy":"post_tag","embeddable":true,"href":"https:\/\/www.notaoficial.com\/s\/wp-json\/wp\/v2\/tags?post=5743"}],"curies":[{"name":"wp","href":"https:\/\/api.w.org\/{rel}","templated":true}]}}