{"id":5789,"date":"2019-06-29T21:00:19","date_gmt":"2019-06-30T01:00:19","guid":{"rendered":"http:\/\/www.notaoficial.com\/s\/?p=5789"},"modified":"2019-06-29T11:02:02","modified_gmt":"2019-06-29T15:02:02","slug":"terral-estrena-el-video-lyric-espinas-de-metal","status":"publish","type":"post","link":"https:\/\/www.notaoficial.com\/s\/2019\/06\/29\/terral-estrena-el-video-lyric-espinas-de-metal\/","title":{"rendered":"TERRAL estrena el v\u00eddeo-lyric \u00abEspinas de Metal\u00bb"},"content":{"rendered":"<p align=\"justify\"><span lang=\"ES-TRAD\">La banda malague\u00f1a<b> Terral<\/b> publica un nuevo <b>v\u00eddeo-lyric<\/b> de la canci\u00f3n <b>\u2018Espinas de metal\u2019<\/b>, incluida en su nuevo \u00e1lbum <b>\u2018Cicl\u00f3n\u2019<\/b>. <b>\u2019Espinas de metal\u2019<\/b> tiene como objetivo hacer que no caiga en el olvido el drama de la migraci\u00f3n y las personas refugiadas que intentan huir de las guerras, el hambre y la miseria para buscar un futuro mejor lejos de su tierra.<br \/>\n<\/span><\/p>\n<p align=\"justify\"><span lang=\"ES-TRAD\">La recaudaci\u00f3n \u00edntegra de este video-lyric ir\u00e1 destinada a la <b>ONG Pro Activa Open Arms<\/b>, encargada de realizar rescates en el Mar Mediterr\u00e1neo y una gran labor de ayuda humanitaria hacia todas estas personas.<\/span><\/p>\n<p align=\"justify\"><span lang=\"ES-TRAD\">A parte, <b>Terral<\/b> contin\u00faa presentando su \u00faltimo \u00e1lbum <b>\u2018Cicl\u00f3n\u2019<\/b> por todo el estado y este verano podr\u00e1s verles en distintos escenarios que puedes consultar en su web <a href=\"http:\/\/www.losterral.com\" target=\"_blank\" rel=\"noopener\" data-saferedirecturl=\"https:\/\/www.google.com\/url?q=http:\/\/www.losterral.com&amp;source=gmail&amp;ust=1561906172505000&amp;usg=AFQjCNEjnUWmF2-EhR0MIawtXuGRWKRPNA\">www.losterral.com<\/a>. <\/span><\/p>\n","protected":false},"excerpt":{"rendered":"<p>La banda malague\u00f1a Terral publica un nuevo v\u00eddeo-lyric de la canci\u00f3n \u2018Espinas de metal\u2019, incluida en su nuevo \u00e1lbum \u2018Cicl\u00f3n\u2019. \u2019Espinas de metal\u2019 tiene como objetivo hacer que no caiga en el olvido el drama de la migraci\u00f3n y las personas refugiadas que intentan huir de las guerras, el hambre y la miseria para buscar [&hellip;]<\/p>\n","protected":false},"author":2,"featured_media":5790,"comment_status":"closed","ping_status":"open","sticky":false,"template":"","format":"standard","meta":[],"categories":[146],"tags":[7030,7028,7029],"wppr_data":[],"_links":{"self":[{"href":"https:\/\/www.notaoficial.com\/s\/wp-json\/wp\/v2\/posts\/5789"}],"collection":[{"href":"https:\/\/www.notaoficial.com\/s\/wp-json\/wp\/v2\/posts"}],"about":[{"href":"https:\/\/www.notaoficial.com\/s\/wp-json\/wp\/v2\/types\/post"}],"author":[{"embeddable":true,"href":"https:\/\/www.notaoficial.com\/s\/wp-json\/wp\/v2\/users\/2"}],"replies":[{"embeddable":true,"href":"https:\/\/www.notaoficial.com\/s\/wp-json\/wp\/v2\/comments?post=5789"}],"version-history":[{"count":1,"href":"https:\/\/www.notaoficial.com\/s\/wp-json\/wp\/v2\/posts\/5789\/revisions"}],"predecessor-version":[{"id":5791,"href":"https:\/\/www.notaoficial.com\/s\/wp-json\/wp\/v2\/posts\/5789\/revisions\/5791"}],"wp:featuredmedia":[{"embeddable":true,"href":"https:\/\/www.notaoficial.com\/s\/wp-json\/wp\/v2\/media\/5790"}],"wp:attachment":[{"href":"https:\/\/www.notaoficial.com\/s\/wp-json\/wp\/v2\/media?parent=5789"}],"wp:term":[{"taxonomy":"category","embeddable":true,"href":"https:\/\/www.notaoficial.com\/s\/wp-json\/wp\/v2\/categories?post=5789"},{"taxonomy":"post_tag","embeddable":true,"href":"https:\/\/www.notaoficial.com\/s\/wp-json\/wp\/v2\/tags?post=5789"}],"curies":[{"name":"wp","href":"https:\/\/api.w.org\/{rel}","templated":true}]}}