{"id":5824,"date":"2019-07-04T12:01:33","date_gmt":"2019-07-04T16:01:33","guid":{"rendered":"http:\/\/www.notaoficial.com\/s\/?p=5824"},"modified":"2019-07-04T12:01:33","modified_gmt":"2019-07-04T16:01:33","slug":"carlos-qintana-expone-cinco-instalaciones-en-la-caja-1-del-centro-cultural-chacao","status":"publish","type":"post","link":"https:\/\/www.notaoficial.com\/s\/2019\/07\/04\/carlos-qintana-expone-cinco-instalaciones-en-la-caja-1-del-centro-cultural-chacao\/","title":{"rendered":"Carlos Qintana expone cinco instalaciones  en La Caja 1 del Centro Cultural Chacao"},"content":{"rendered":"<p>La obra del artista visual y dise\u00f1ador industrial venezolano Carlos Qintana, ser\u00e1 exhibida en una exposici\u00f3n titulada <strong><em>MMXIX<\/em><\/strong>, que se inaugurar\u00e1 el domingo 7 de julio de 2019 a las 11 am, en La Caja 1 del Centro Cultural Chacao, en alianza con el Maczul y la Fundaci\u00f3n Govea-Meoz.<\/p>\n<p>Con la curadur\u00eda de Patricia Morales y Veronica Liprandi, @factotumccs, y el dise\u00f1o gr\u00e1fico de Patricia Alvarez, la muestra est\u00e1 integrada por cinco instalaciones simult\u00e1neas que se consolidan en una sola instalaci\u00f3n in\u00e9dita, como si de un corte sincr\u00f3nico se tratara, en las que el orden, relaci\u00f3n y posici\u00f3n nos dan el hilo conductor de una estructura c\u00edclica llena de referentes personales y del inconsciente colectivo, seg\u00fan afirman las curadoras en el texto que acompa\u00f1a la exposici\u00f3n.<\/p>\n<p>\u201cQintana refleja su forma de trabajar, su cotidianidad, su sensibilidad, su humanidad y la aproximaci\u00f3n desde su visi\u00f3n a la realidad inmediata. Nos propone una intervenci\u00f3n de la sala donde ensambla objetos derivados de la cultura material con la que establecemos relaciones ambiguas y a la que podemos otorgar m\u00faltiples interpretaciones, organizando ideas y resignificando una historia fragmentada\u201d, escriben Morales y Liprandi.<\/p>\n<p>El un acto de recolecci\u00f3n, reutilizaci\u00f3n y resignificaci\u00f3n de diversos materiales, el artista ensambla trozos de carb\u00f3n, fragmentos de madera y restos de objetos como mesas, barcos y sillas, para materializar sus pensamientos y su visi\u00f3n del mundo.<\/p>\n<p>En una instalaci\u00f3n realizada con trozos de carb\u00f3n, Qintana emula el paso del tiempo, evidenciando los ciclos y eras del planeta, seg\u00fan se desprende del texto curatorial. Por otra parte, en dos paredes haciendo esquina, forma una gran l\u00ednea que inicia con fragmentos de madera de origen y culmina con restos de objetos diversos, generando una sintaxis propia; mientras que en otra pared, se presentan peque\u00f1as piezas ensambladas desde la pr\u00e1ctica cotidiana de la recolecci\u00f3n y el ordenamiento de trozos de madera, donde el artista habla de la fuerza residual de los objetos encontrados.<\/p>\n<p>Asimismo, en el centro de la sala se re\u00fane un conjunto de piezas que, en palabras de las curadoras \u201cnos remiten a un espacio \u00edntimo, contemplativo y de abstracci\u00f3n del entorno. Un jard\u00edn de madera (inanimada) que renace con nuevas formas, ramas y reto\u00f1os, que se reproducen en otro sustrato, como un nuevo organismo\u201d, y para completar el proyecto expositivo, se incluye en un recodo de la sala, \u201cuna instalaci\u00f3n l\u00fagubre y abundante, <strong>El<\/strong> <strong>Gabinete<\/strong> <strong>de<\/strong> <strong>Dorangel<\/strong>, donde Qintana con su iron\u00eda caracter\u00edstica, hace ficci\u00f3n una referencia colectiva local, exagerada y casi incre\u00edble de un hombre que recurre al canibalismo para cubrir sus necesidades b\u00e1sicas\u201d.<\/p>\n<p>Con m\u00e1s de tres d\u00e9cadas de trayectoria art\u00edstica, Carlos Qintana ha exhibido su obra en exposiciones, bienales y ferias de arte en Venezuela, Europa, Estados Unidos y Am\u00e9rica Latina. Ha recibido diferentes reconocimientos, entre los cuales figuran el Premio AAVA, II Bienal de Guayana (1989); Premio Harry Liepens de Nuevos Lenguajes, 50\u00ba Sal\u00f3n Arturo Michelena (1993); Premio de Escultura Francisco Narv\u00e1ez, 51\u00ba Sal\u00f3n Arturo Michelena (1994); II Premio Tridimensional (1998) y Premio J.J. Moros (2003), Sal\u00f3n Nacional de Arte Aragua. Su obra est\u00e1 representada en museos nacionales, colecciones p\u00fablicas y privadas de Venezuela, Colombia, Brasil, Argentina, M\u00e9xico, Estados Unidos, Canad\u00e1, Inglaterra, Francia, Alemania, Holanda, Suiza, Austria, Suecia, Espa\u00f1a y Jap\u00f3n.<\/p>\n<p>El p\u00fablico podr\u00e1 apreciar el trabajo de Carlos Qintana a trav\u00e9s de la muestra <strong><em>MMXIX<\/em><\/strong>, que se estar\u00e1 presentando del 7 de julio al 4 de agosto de 2019, en La Caja 1 del CCCH-Centro Cultural Chacao, ubicado en la Avenida Tamanaco de El Rosal, Caracas. El horario es de martes a viernes de 10 am a 2 pm, s\u00e1bados y domingos de 10 am a 5 pm. La entrada es libre.<\/p>\n<p>Para mayor informaci\u00f3n seguir las cuentas del Centro Cultural Chacao en twitter e instagram @cculturalchacao, o a trav\u00e9s de @qin.t.a.n.a.carlos<\/p>\n","protected":false},"excerpt":{"rendered":"<p>La obra del artista visual y dise\u00f1ador industrial venezolano Carlos Qintana, ser\u00e1 exhibida en una exposici\u00f3n titulada MMXIX, que se inaugurar\u00e1 el domingo 7 de julio de 2019 a las 11 am, en La Caja 1 del Centro Cultural Chacao, en alianza con el Maczul y la Fundaci\u00f3n Govea-Meoz. Con la curadur\u00eda de Patricia Morales [&hellip;]<\/p>\n","protected":false},"author":2,"featured_media":5825,"comment_status":"closed","ping_status":"open","sticky":false,"template":"","format":"standard","meta":[],"categories":[463,2],"tags":[2524,693,7070,7066,5446,7065,7069,7067,7068],"wppr_data":[],"_links":{"self":[{"href":"https:\/\/www.notaoficial.com\/s\/wp-json\/wp\/v2\/posts\/5824"}],"collection":[{"href":"https:\/\/www.notaoficial.com\/s\/wp-json\/wp\/v2\/posts"}],"about":[{"href":"https:\/\/www.notaoficial.com\/s\/wp-json\/wp\/v2\/types\/post"}],"author":[{"embeddable":true,"href":"https:\/\/www.notaoficial.com\/s\/wp-json\/wp\/v2\/users\/2"}],"replies":[{"embeddable":true,"href":"https:\/\/www.notaoficial.com\/s\/wp-json\/wp\/v2\/comments?post=5824"}],"version-history":[{"count":1,"href":"https:\/\/www.notaoficial.com\/s\/wp-json\/wp\/v2\/posts\/5824\/revisions"}],"predecessor-version":[{"id":5826,"href":"https:\/\/www.notaoficial.com\/s\/wp-json\/wp\/v2\/posts\/5824\/revisions\/5826"}],"wp:featuredmedia":[{"embeddable":true,"href":"https:\/\/www.notaoficial.com\/s\/wp-json\/wp\/v2\/media\/5825"}],"wp:attachment":[{"href":"https:\/\/www.notaoficial.com\/s\/wp-json\/wp\/v2\/media?parent=5824"}],"wp:term":[{"taxonomy":"category","embeddable":true,"href":"https:\/\/www.notaoficial.com\/s\/wp-json\/wp\/v2\/categories?post=5824"},{"taxonomy":"post_tag","embeddable":true,"href":"https:\/\/www.notaoficial.com\/s\/wp-json\/wp\/v2\/tags?post=5824"}],"curies":[{"name":"wp","href":"https:\/\/api.w.org\/{rel}","templated":true}]}}