{"id":5845,"date":"2019-07-06T06:05:19","date_gmt":"2019-07-06T10:05:19","guid":{"rendered":"http:\/\/www.notaoficial.com\/s\/?p=5845"},"modified":"2019-07-06T03:07:04","modified_gmt":"2019-07-06T07:07:04","slug":"nuevo-ciclo-de-diplomado-para-certificacion-internacional-de-profesores-de-yoga-ryt200","status":"publish","type":"post","link":"https:\/\/www.notaoficial.com\/s\/2019\/07\/06\/nuevo-ciclo-de-diplomado-para-certificacion-internacional-de-profesores-de-yoga-ryt200\/","title":{"rendered":"Nuevo ciclo de diplomado para certificaci\u00f3n internacional de  profesores de yoga ryt200"},"content":{"rendered":"<p>Yoga en S\u00edntesis Oriente, dar\u00e1 inicio los d\u00edas 20 y 21 de julio de 2019, a un nuevo ciclo en el marco de su Diplomado para la formaci\u00f3n de practicantes y profesores de Yoga, en la isla de Margarita. As\u00ed lo dio a conocer Ray Viloria, quien dirige la Comunidad Yoga Oriente, al agregar que todos los talleres a partir de este nuevo ciclo se dictar\u00e1n en los espacios del Hotel Unik, en Pampatar.<\/p>\n<p>Agreg\u00f3 Viloria, que la Comunidad Yoga en S\u00edntesis viene realizando un importante trabajo desde hace 18 a\u00f1os en latinoam\u00e9rica, 10 a\u00f1os en Venezuela y 5 a\u00f1os en la Isla de Margarita; gracias al cual hoy por hoy, m\u00e1s personas conocen y disfrutan los beneficios del yoga, elevando su calidad de vida, y alcanzando el bienestar f\u00edsico, emocional, mental y espiritual.<\/p>\n<p>\u00abNuestra formaci\u00f3n est\u00e1 ideada para personas con o sin experiencia, que deseen incorporar a sus vidas los m\u00faltiples beneficios de esta disciplina; o bien para aquellos practicantes m\u00e1s experimentados, interesados en certificarse como Profesores de Yoga con aval Internacional\u00bb, se\u00f1al\u00f3<\/p>\n<p>Explic\u00f3 el director de Yoga Oriente, que los talleres se imparten un fin de semana al mes, durante 19 meses, para sumar 200 horas de formaci\u00f3n te\u00f3rico-pr\u00e1ctica, acreditada acad\u00e9micamente por dos importantes instituciones fuera de Venezuela como son, la Asociaci\u00f3n Internacional de Yoga Yoghismo y Yoga Allice (RYT200).<\/p>\n<p>El primer taller de este nuevo ciclo de formaci\u00f3n, tendr\u00e1 lugar los d\u00edas 20 y 21 de julio de 2019 y ser\u00e1 dictado por el profesor Omar Berm\u00fadez, quien conducir\u00e1 el taller \u00abDarsana en el Yoghismo\u00bb, en el cual se ahondar\u00e1 sobre Los Principios del Yoga desde la visi\u00f3n del Yoghismo.<\/p>\n<p>Las inscripciones est\u00e1n abiertas y en la preventa habr\u00e1 cupos limitados hasta el 12 de Julio (y\/o hasta agotarse la existencia), con un descuento del 20% para este taller. Los interesados en formar parte del movimiento m\u00e1s grande de Latinoam\u00e9rica, que promueve la cultura del yoga como metodolog\u00eda de bienestar integral, pueden visitar la p\u00e1gina web www.yogaoriente.com, llamar a los n\u00fameros 0416-902.6679 \/ 0424-375.9080\/ 0412-819.0109 o escribir al correo yogaensintesisoriente@gmail.com Las redes sociales @yogaoriente y @rayviloriayoga<\/p>\n","protected":false},"excerpt":{"rendered":"<p>Yoga en S\u00edntesis Oriente, dar\u00e1 inicio los d\u00edas 20 y 21 de julio de 2019, a un nuevo ciclo en el marco de su Diplomado para la formaci\u00f3n de practicantes y profesores de Yoga, en la isla de Margarita. As\u00ed lo dio a conocer Ray Viloria, quien dirige la Comunidad Yoga Oriente, al agregar que [&hellip;]<\/p>\n","protected":false},"author":2,"featured_media":5846,"comment_status":"closed","ping_status":"open","sticky":false,"template":"","format":"standard","meta":[],"categories":[140,2,4672],"tags":[7081,7079,2144,7080],"wppr_data":[],"_links":{"self":[{"href":"https:\/\/www.notaoficial.com\/s\/wp-json\/wp\/v2\/posts\/5845"}],"collection":[{"href":"https:\/\/www.notaoficial.com\/s\/wp-json\/wp\/v2\/posts"}],"about":[{"href":"https:\/\/www.notaoficial.com\/s\/wp-json\/wp\/v2\/types\/post"}],"author":[{"embeddable":true,"href":"https:\/\/www.notaoficial.com\/s\/wp-json\/wp\/v2\/users\/2"}],"replies":[{"embeddable":true,"href":"https:\/\/www.notaoficial.com\/s\/wp-json\/wp\/v2\/comments?post=5845"}],"version-history":[{"count":2,"href":"https:\/\/www.notaoficial.com\/s\/wp-json\/wp\/v2\/posts\/5845\/revisions"}],"predecessor-version":[{"id":5848,"href":"https:\/\/www.notaoficial.com\/s\/wp-json\/wp\/v2\/posts\/5845\/revisions\/5848"}],"wp:featuredmedia":[{"embeddable":true,"href":"https:\/\/www.notaoficial.com\/s\/wp-json\/wp\/v2\/media\/5846"}],"wp:attachment":[{"href":"https:\/\/www.notaoficial.com\/s\/wp-json\/wp\/v2\/media?parent=5845"}],"wp:term":[{"taxonomy":"category","embeddable":true,"href":"https:\/\/www.notaoficial.com\/s\/wp-json\/wp\/v2\/categories?post=5845"},{"taxonomy":"post_tag","embeddable":true,"href":"https:\/\/www.notaoficial.com\/s\/wp-json\/wp\/v2\/tags?post=5845"}],"curies":[{"name":"wp","href":"https:\/\/api.w.org\/{rel}","templated":true}]}}