{"id":5855,"date":"2019-07-07T17:55:10","date_gmt":"2019-07-07T21:55:10","guid":{"rendered":"http:\/\/www.notaoficial.com\/s\/?p=5855"},"modified":"2019-07-07T12:57:31","modified_gmt":"2019-07-07T16:57:31","slug":"otra-zuliana-gana-5ta-edicion-del-concurso-canta-en-frances-2019","status":"publish","type":"post","link":"https:\/\/www.notaoficial.com\/s\/2019\/07\/07\/otra-zuliana-gana-5ta-edicion-del-concurso-canta-en-frances-2019\/","title":{"rendered":"Otra zuliana gana 5ta edici\u00f3n del concurso \u201ccanta en franc\u00e9s 2019\u201d"},"content":{"rendered":"<p>Mari\u00e1n Villalobos, una joven de 24 a\u00f1os de edad, se convirti\u00f3 en la segunda zuliana en ganar el Concurso \u201cCanta en Franc\u00e9s\u201d, promovido por la Alianza Francesa de Venezuela, tras conquistar con su voz al jurado de la\u00a0 quinta edici\u00f3n que se llev\u00f3 a cabo en la Plaza Los Palos Grandes, en Caracas.<\/p>\n<p>Villalobos, es licenciada en Educaci\u00f3n, menci\u00f3n Idiomas Modernos, egresada de la Universidad del Zulia en 2016 y profesora en la sede de la Alianza Francesa de Maracaibo, donde ingres\u00f3 como estudiante a los 19 a\u00f1os de edad durante el per\u00edodo 2016-2017.<\/p>\n<p>La participante result\u00f3 seleccionada con el tema \u201cTous les m\u00eames\u201d del cantante belga Stromae, obteniendo como premio un viaje ida y vuelta a Par\u00eds o en met\u00e1lico. El segundo lugar le correspondi\u00f3 a Dariana L\u00f3pez, proveniente de la Escuela de M\u00fasica del estado M\u00e9rida, con el tema \u201cSous le ciel de Paris\u201d.<\/p>\n<p>L\u00f3pez ha participado en diferentes recitales organizados por la Licenciatura de M\u00fasica Popular y Jazz de la Universidad de los Andes, y se llev\u00f3 como premio un \u00a0reproductor de sonido con 64GB. El tercer lugar lo obtuvo Iznala Charles, estudiante de Qu\u00edmica en la Universidad Central de Venezuela (UCV), quien particip\u00f3 por segunda vez en el concurso,\u00a0 ganando 6 sesiones consecutivas de cursos de franc\u00e9s.<\/p>\n<p>La ganadora principal del \u201cCanta en Franc\u00e9s 2019\u201d \u00a0cont\u00f3 que desde muy peque\u00f1a sinti\u00f3 pasi\u00f3n por la m\u00fasica, aunque nunca tuvo una formaci\u00f3n formal en esa \u00e1rea. \u201cEse mundo siempre me deslumbr\u00f3 y el ambiente cultural promovido en la Alianza de Maracaibo, hizo que hace poco m\u00e1s de 6 meses esta faceta despertara nuevamente en mi\u201d.<\/p>\n<p>Villalobos coment\u00f3 que gracias a ello tuvo la ocasi\u00f3n de\u00a0 participar en un ensamble de m\u00fasicos amateurs destinado a amenizar ciertos eventos, raz\u00f3n por la cual manifest\u00f3 sentirse muy satisfecha y agradecida por conocer un idioma distinto al materno y la experiencia de cantar en franc\u00e9s.<\/p>\n<p><strong>Competencia de talentos<\/strong><\/p>\n<p>Como en ediciones anteriores, el concurso se bas\u00f3 en tres etapas, donde cada participante tuvo que cumplir a cabalidad el reglamento exigido por la instituci\u00f3n y haber sido seleccionado en su regi\u00f3n para llegar a la final.<\/p>\n<p>En la \u00faltima etapa, se escogieron cuatro representantes de Caracas y uno de cada alianza del interior del pa\u00eds, entre ellas: Barinas, Valencia, Maracay, Barquisimeto, M\u00e9rida, Puerto La Cruz y Maracaibo. Tambi\u00e9n se sumaron dos\u00a0 invitados especiales, lo que dio un total de 13 participantes.<\/p>\n<p>El a\u00f1o pasado, se alz\u00f3 con el primer lugar Andrea Devis, ingeniera qu\u00edmica proveniente de la poblaci\u00f3n de San Rafael del Moj\u00e1n, estado Zulia, quien al igual que todos los que han participado en la competencia, demostr\u00f3 que en Venezuela hay bastante talento joven.<\/p>\n<p>De esta manera la Alianza Francesa en Venezuela contin\u00faa promoviendo la pluriculturalidad entre ambas naciones a partir de las expresiones art\u00edsticas y la ense\u00f1anza del idioma galo.<\/p>\n<p>Para conocer m\u00e1s detalles sobre las actividades culturales y acad\u00e9micas de la instituci\u00f3n, puede ingresar a la p\u00e1gina oficial de la Alianza Francesa <a href=\"http:\/\/caracas.afvenezuela.org\/\">http:\/\/caracas.afvenezuela.org\/<\/a>. Tambi\u00e9n pueden seguirlos a trav\u00e9s de sus cuentas en Instagram @afvenezuela, Twitter @afvenezuela y Facebook Alianza Francesa Venezuela.<\/p>\n","protected":false},"excerpt":{"rendered":"<p>Mari\u00e1n Villalobos, una joven de 24 a\u00f1os de edad, se convirti\u00f3 en la segunda zuliana en ganar el Concurso \u201cCanta en Franc\u00e9s\u201d, promovido por la Alianza Francesa de Venezuela, tras conquistar con su voz al jurado de la\u00a0 quinta edici\u00f3n que se llev\u00f3 a cabo en la Plaza Los Palos Grandes, en Caracas. Villalobos, es [&hellip;]<\/p>\n","protected":false},"author":2,"featured_media":5856,"comment_status":"closed","ping_status":"open","sticky":false,"template":"","format":"standard","meta":[],"categories":[860,140,2],"tags":[7090,7089,7087,7088],"wppr_data":[],"_links":{"self":[{"href":"https:\/\/www.notaoficial.com\/s\/wp-json\/wp\/v2\/posts\/5855"}],"collection":[{"href":"https:\/\/www.notaoficial.com\/s\/wp-json\/wp\/v2\/posts"}],"about":[{"href":"https:\/\/www.notaoficial.com\/s\/wp-json\/wp\/v2\/types\/post"}],"author":[{"embeddable":true,"href":"https:\/\/www.notaoficial.com\/s\/wp-json\/wp\/v2\/users\/2"}],"replies":[{"embeddable":true,"href":"https:\/\/www.notaoficial.com\/s\/wp-json\/wp\/v2\/comments?post=5855"}],"version-history":[{"count":1,"href":"https:\/\/www.notaoficial.com\/s\/wp-json\/wp\/v2\/posts\/5855\/revisions"}],"predecessor-version":[{"id":5857,"href":"https:\/\/www.notaoficial.com\/s\/wp-json\/wp\/v2\/posts\/5855\/revisions\/5857"}],"wp:featuredmedia":[{"embeddable":true,"href":"https:\/\/www.notaoficial.com\/s\/wp-json\/wp\/v2\/media\/5856"}],"wp:attachment":[{"href":"https:\/\/www.notaoficial.com\/s\/wp-json\/wp\/v2\/media?parent=5855"}],"wp:term":[{"taxonomy":"category","embeddable":true,"href":"https:\/\/www.notaoficial.com\/s\/wp-json\/wp\/v2\/categories?post=5855"},{"taxonomy":"post_tag","embeddable":true,"href":"https:\/\/www.notaoficial.com\/s\/wp-json\/wp\/v2\/tags?post=5855"}],"curies":[{"name":"wp","href":"https:\/\/api.w.org\/{rel}","templated":true}]}}