{"id":5861,"date":"2019-07-08T00:57:19","date_gmt":"2019-07-08T04:57:19","guid":{"rendered":"http:\/\/www.notaoficial.com\/s\/?p=5861"},"modified":"2019-07-09T00:03:51","modified_gmt":"2019-07-09T04:03:51","slug":"joven-venezolano-protagoniza-video-de-daddy-yankee-con-wisin-y-yandel","status":"publish","type":"post","link":"https:\/\/www.notaoficial.com\/s\/2019\/07\/08\/joven-venezolano-protagoniza-video-de-daddy-yankee-con-wisin-y-yandel\/","title":{"rendered":"Joven venezolano protagoniza v\u00eddeo de Daddy Yankee con Wisin y Yandel"},"content":{"rendered":"<p><span class=\"m_-3975839958404477057module-4 m_-3975839958404477057text-container\"><strong>El joven cantautor venezolano <\/strong>Ilich<strong>, quien adem\u00e1s es animador y actor, protagoniza la nueva producci\u00f3n audiovisual de <\/strong>Daddy Yankee &amp; Wisin y Yandel<strong> titulada \u201cSi Supieras\u201d, grabado entre Caracas y Miami, bajo la direcci\u00f3n del tambi\u00e9n venezolano <\/strong>Nuno Gomes, de la empresa Compostela Films.<\/span><\/p>\n<div class=\"m_-3975839958404477057module m_-3975839958404477057text\" dir=\"ltr\">\n<p align=\"justify\">\u201cLleg\u00f3 la noticia del casting tres d\u00edas antes, qued\u00e9 y justo cuando \u00edbamos a montarnos en el avi\u00f3n para Miami, nos dijeron que \u00edbamos a grabar con Yankee junto a Wisin y Yandel, yo al menos no lo pod\u00eda creer, fue un gran reto actoral que se me present\u00f3, pero siempre tengo que decir que Nuno Gomes, con quien me siento muy c\u00f3modo trabajando, confi\u00f3 y conf\u00eda en mi talento, estoy muy agradecido con todo lo que est\u00e1 pasando\u00bb expres\u00f3 emocionado Ilich.<\/p>\n<div class=\"m_-3975839958404477057module m_-3975839958404477057text\" dir=\"ltr\">\n<p align=\"justify\">\u201cSi supieras\u201d es un reggaet\u00f3n rom\u00e1ntico, al estilo <em>Old School<\/em> de Daddy Yankee junto a los l\u00edderes Wisin y Yandel, quienes en pocos d\u00edas del lanzamiento de este nuevo clip se convirtieron en tendencia global, en todas las plataformas digitales de m\u00fasica y v\u00eddeo.<\/p>\n<div class=\"m_-3975839958404477057module m_-3975839958404477057text\" dir=\"ltr\">\n<p align=\"justify\">El v\u00eddeo oficial, cuenta la historia de un joven (Ilich) enamorado de su mejor amiga, a la que ha fotografiado en diversos momentos y que de forma clandestina, guarda sus mejores sonrisas; en medio de una disputa amorosa, Daddy Yankee &amp; Wisin y Yandel, aparecen para ayudar al protagonista a conquistar el coraz\u00f3n de la chica en un emotivo y sorpresivo final.<\/p>\n<div class=\"m_-3975839958404477057module m_-3975839958404477057text\" dir=\"ltr\">\n<p align=\"justify\">Ilich, quien tambi\u00e9n se destaca como cantante, actualmente se encuentra produciendo varios temas, que dar\u00e1n lugar a un pr\u00f3ximo EP.<\/p>\n<p align=\"justify\">Paralelamente el joven actor radicado entre Venezuela y Colombia, se encuentra en un proyecto dram\u00e1tico internacional, la novela \u00abIntriga tr\u00e1s c\u00e1mara\u00bb que consta de 48 cap\u00edtulos y recientemente particip\u00f3 en el video de <strong>Reik<\/strong> y <strong>Matisse<\/strong> \u00abEres t\u00fa\u00bb, tambi\u00e9n bajo la direcci\u00f3n de Nuno Gomes.<\/p>\n<\/div>\n<\/div>\n<\/div>\n<\/div>\n","protected":false},"excerpt":{"rendered":"<p>El joven cantautor venezolano Ilich, quien adem\u00e1s es animador y actor, protagoniza la nueva producci\u00f3n audiovisual de Daddy Yankee &amp; Wisin y Yandel titulada \u201cSi Supieras\u201d, grabado entre Caracas y Miami, bajo la direcci\u00f3n del tambi\u00e9n venezolano Nuno Gomes, de la empresa Compostela Films. \u201cLleg\u00f3 la noticia del casting tres d\u00edas antes, qued\u00e9 y justo [&hellip;]<\/p>\n","protected":false},"author":2,"featured_media":5865,"comment_status":"closed","ping_status":"open","sticky":false,"template":"","format":"standard","meta":[],"categories":[463,2],"tags":[49,1276,7096,249,7094,7095,3372],"wppr_data":[],"_links":{"self":[{"href":"https:\/\/www.notaoficial.com\/s\/wp-json\/wp\/v2\/posts\/5861"}],"collection":[{"href":"https:\/\/www.notaoficial.com\/s\/wp-json\/wp\/v2\/posts"}],"about":[{"href":"https:\/\/www.notaoficial.com\/s\/wp-json\/wp\/v2\/types\/post"}],"author":[{"embeddable":true,"href":"https:\/\/www.notaoficial.com\/s\/wp-json\/wp\/v2\/users\/2"}],"replies":[{"embeddable":true,"href":"https:\/\/www.notaoficial.com\/s\/wp-json\/wp\/v2\/comments?post=5861"}],"version-history":[{"count":1,"href":"https:\/\/www.notaoficial.com\/s\/wp-json\/wp\/v2\/posts\/5861\/revisions"}],"predecessor-version":[{"id":5866,"href":"https:\/\/www.notaoficial.com\/s\/wp-json\/wp\/v2\/posts\/5861\/revisions\/5866"}],"wp:featuredmedia":[{"embeddable":true,"href":"https:\/\/www.notaoficial.com\/s\/wp-json\/wp\/v2\/media\/5865"}],"wp:attachment":[{"href":"https:\/\/www.notaoficial.com\/s\/wp-json\/wp\/v2\/media?parent=5861"}],"wp:term":[{"taxonomy":"category","embeddable":true,"href":"https:\/\/www.notaoficial.com\/s\/wp-json\/wp\/v2\/categories?post=5861"},{"taxonomy":"post_tag","embeddable":true,"href":"https:\/\/www.notaoficial.com\/s\/wp-json\/wp\/v2\/tags?post=5861"}],"curies":[{"name":"wp","href":"https:\/\/api.w.org\/{rel}","templated":true}]}}