{"id":5904,"date":"2019-07-12T22:43:23","date_gmt":"2019-07-13T02:43:23","guid":{"rendered":"http:\/\/www.notaoficial.com\/s\/?p=5904"},"modified":"2019-07-12T11:45:59","modified_gmt":"2019-07-12T15:45:59","slug":"leon-torres-lanza-su-nuevo-single-bolsillos-de-arena","status":"publish","type":"post","link":"https:\/\/www.notaoficial.com\/s\/2019\/07\/12\/leon-torres-lanza-su-nuevo-single-bolsillos-de-arena\/","title":{"rendered":"Le\u00f3n Torres lanza su nuevo single \u00abBolsillos de arena\u00bb"},"content":{"rendered":"<p align=\"justify\"><span lang=\"ES-TRAD\"><b>LE\u00d3N TORRES<\/b> es el nuevo proyecto art\u00edstico de un m\u00fasico casi inclasificable. <b>Bolsillos de arena<\/b> es el segundo disparo ya disponible en plataformas digitales y que aparece dentro de <b>&#8216;Mi Perro Negro\u2019<\/b>, el nuevo disco que saldr\u00e1 a finales de septiembre. Hace un mes adelantamos <b>ME SIENTO BIEN<\/b>.<\/span><\/p>\n<p align=\"justify\"><span lang=\"ES-TRAD\"><b>Santiago Alcanda<\/b>, explica: <b>BOLSILLOS EN LA ARENA<\/b> es una gema, un lamento oto\u00f1al bajo una lluvia de un noviembre con una primavera demasiado lejana\u2026 que al parecer ya ha llegado. Esa guitarra slide que resbala sentimientos a un paso lento, mirada reflexiva\u2026 Un slide muy rock con tintes country, con todo el aire sure\u00f1o posible. Y su modo de cantar donde J.J.Cale se encuentra con David Bowie. Rara avis como Seasick Steve con quien Torres se identifica muy especialmente:<\/span><\/p>\n<p align=\"justify\"><span lang=\"ES-TRAD\"><em>\u201cSon guitarras construidas. Son sonidos crudos. La voz en la puta cara, sin reverb, no he recortado ni un puta frecuencia. Guitarra ac\u00fastica protagonista sin cortar nada, sin adulterar. Para mi es una canci\u00f3n de esperanza, de que hay que hablarse bien y ser compasivo con uno mismo\u201d<\/em>.\u2013 en palabras del artista.\u00a0 <em>\u00abSobre la producci\u00f3n, est\u00e1 grabado con una guitarra de 4 cuerdas (cigarbox) hecha con una lata de aceite y pastilla de telecaster y un slide llor\u00f3n e hiriente interpretado por <b>Pedro Peinado<\/b> de<b> <\/b>\u201cPapa Julu\u201d, banda de rock\/blues de Ja\u00e9n. Bater\u00eda <b>Coki Gim\u00e9nez<\/b> (Chambao, MClan, Fito y Fito y Fitipaldis\u2026) y contrabajo Lere de Red Rombo, Muchachito\u2026\u00bb<\/em><\/span><\/p>\n<p>&nbsp;<\/p>\n","protected":false},"excerpt":{"rendered":"<p>LE\u00d3N TORRES es el nuevo proyecto art\u00edstico de un m\u00fasico casi inclasificable. Bolsillos de arena es el segundo disparo ya disponible en plataformas digitales y que aparece dentro de &#8216;Mi Perro Negro\u2019, el nuevo disco que saldr\u00e1 a finales de septiembre. Hace un mes adelantamos ME SIENTO BIEN. Santiago Alcanda, explica: BOLSILLOS EN LA ARENA [&hellip;]<\/p>\n","protected":false},"author":2,"featured_media":5905,"comment_status":"closed","ping_status":"open","sticky":false,"template":"","format":"standard","meta":[],"categories":[146],"tags":[7147,7150,6524,7149,7148],"wppr_data":[],"_links":{"self":[{"href":"https:\/\/www.notaoficial.com\/s\/wp-json\/wp\/v2\/posts\/5904"}],"collection":[{"href":"https:\/\/www.notaoficial.com\/s\/wp-json\/wp\/v2\/posts"}],"about":[{"href":"https:\/\/www.notaoficial.com\/s\/wp-json\/wp\/v2\/types\/post"}],"author":[{"embeddable":true,"href":"https:\/\/www.notaoficial.com\/s\/wp-json\/wp\/v2\/users\/2"}],"replies":[{"embeddable":true,"href":"https:\/\/www.notaoficial.com\/s\/wp-json\/wp\/v2\/comments?post=5904"}],"version-history":[{"count":1,"href":"https:\/\/www.notaoficial.com\/s\/wp-json\/wp\/v2\/posts\/5904\/revisions"}],"predecessor-version":[{"id":5906,"href":"https:\/\/www.notaoficial.com\/s\/wp-json\/wp\/v2\/posts\/5904\/revisions\/5906"}],"wp:featuredmedia":[{"embeddable":true,"href":"https:\/\/www.notaoficial.com\/s\/wp-json\/wp\/v2\/media\/5905"}],"wp:attachment":[{"href":"https:\/\/www.notaoficial.com\/s\/wp-json\/wp\/v2\/media?parent=5904"}],"wp:term":[{"taxonomy":"category","embeddable":true,"href":"https:\/\/www.notaoficial.com\/s\/wp-json\/wp\/v2\/categories?post=5904"},{"taxonomy":"post_tag","embeddable":true,"href":"https:\/\/www.notaoficial.com\/s\/wp-json\/wp\/v2\/tags?post=5904"}],"curies":[{"name":"wp","href":"https:\/\/api.w.org\/{rel}","templated":true}]}}