{"id":5913,"date":"2019-07-14T17:55:06","date_gmt":"2019-07-14T21:55:06","guid":{"rendered":"http:\/\/www.notaoficial.com\/s\/?p=5913"},"modified":"2019-07-14T14:56:58","modified_gmt":"2019-07-14T18:56:58","slug":"el-kanka-agota-entradas-en-sevilla-y-anuncia-nueva-fecha-para-su-gira-donde-caben-dos-caben-tres","status":"publish","type":"post","link":"https:\/\/www.notaoficial.com\/s\/2019\/07\/14\/el-kanka-agota-entradas-en-sevilla-y-anuncia-nueva-fecha-para-su-gira-donde-caben-dos-caben-tres\/","title":{"rendered":"El Kanka agota entradas en Sevilla y anuncia nueva fecha para su gira \u201cDonde caben dos caben tres\u00bb"},"content":{"rendered":"<p style=\"text-align: center;\">PorJean Carlos Ranauro<\/p>\n<p>Hace pocos d\u00edas <strong>El Kanka<\/strong> celebraba su exitoso regreso de Latinoam\u00e9rica donde se ha afianzado como artista destacado con un total de seis pa\u00edses visitados en un mes, quince conciertos ofrecidos y siete\u00a0llenos absolutos. Hoy tiene algo m\u00e1s que celebrar, y es <strong>el primer sold out de su pr\u00f3xima gira nacional \u00abDonde caben dos caben tres\u00bb.<\/strong><\/p>\n<p>La\u00a0fecha de arranque de este tour en el que el malague\u00f1o visitar\u00e1 <strong>diecisiete capitales espa\u00f1olas<\/strong>, es <strong>Sevilla<\/strong> el <strong>14 de septiembre<\/strong> <strong>(Centro de Arte Contempor\u00e1neo) <\/strong>y las<strong> entradas acaban de agotarse. <\/strong>Para contentar al p\u00fablico de la capital andaluza, <strong>El Kanka acaba de anunciar una segunda fecha en el mismo recinto para el 13 de septiembre. <\/strong>Los tickets\u00a0ya pueden adquirirse\u00a0en <a href=\"http:\/\/granconvoy.trckacbm.com\/url\/ver\/39554784\/\/763895\/k08fe4TrUKW5RJTjyw7TmdVyul7WD93qhnPDVjJua\" target=\"_blank\" rel=\"noopener\" data-saferedirecturl=\"https:\/\/www.google.com\/url?q=http:\/\/granconvoy.trckacbm.com\/url\/ver\/39554784\/\/763895\/k08fe4TrUKW5RJTjyw7TmdVyul7WD93qhnPDVjJua&amp;source=gmail&amp;ust=1563216346261000&amp;usg=AFQjCNGDBM4V0WVFhr6UFeCrQx2G-RpxHQ\">Wegow<\/a><strong>.\u00a0<\/strong><\/p>\n<p>Tras estas dos citas,<strong> la gira hasta el momento m\u00e1s ambiciosa de El Kanka por elegir las salas de mayor aforo de cada ciudad,<\/strong>\u00a0aterrizar\u00e1 en\u00a0<strong>Val\u00e8ncia<\/strong> (20 de septiembre en Auditorio Burjassot), <strong>Murcia<\/strong> (cambio de fecha al 27 de septiembre en Parque Fof\u00f3), <strong>Granada<\/strong> (28 de septiembre en recinto Granada Sound), <strong>Zaragoza<\/strong> (5 de octubre en Sala Multiusos),\u00a0<strong>Ja\u00e9n<\/strong> (11 de octubre en Auditorio La Alameda), <strong>M\u00e1laga<\/strong> (12 de octubre en Auditorio Cortijo), <strong>A Coru\u00f1a<\/strong> (18 de octubre en Sala Pel\u00edcano), <strong>Bilbao<\/strong> (25 de octubre en Sala Santana),<strong> Pamplona<\/strong> (8 de noviembre en Sala Zentral),<strong> Gij\u00f3n <\/strong>(9 de noviembre en Sala Albeniz), <strong>Santander <\/strong>(15 de noviembre en Escenario Santander),<strong> Valladolid <\/strong>(16 de noviembre en Sala Blanca), <strong>Barcelona <\/strong>(23 de noviembre en Sant Jordi Club), <strong>C\u00e1diz<\/strong> (4 de diciembre en Teatro Falla y entradas a la venta desde el 23 de julio), <strong>C\u00e1ceres<\/strong> (20 de diciembre en Palacio de Congresos), y pondr\u00e1 su cierre en\u00a0<strong>Madrid<\/strong>, en <strong>la sala m\u00e1s grande de todas por las que ha pasado el malague\u00f1o en su historia y en la que pretende reunir bajo un mismo techo a miles de fans<\/strong>\u00a0(1 de febrero en Wizink Center).<\/p>\n<p>Todas las entradas se pueden conseguir en la web del artista <a href=\"http:\/\/granconvoy.trckacbm.com\/url\/ver\/39554785\/\/763895\/k08fe4TrUKW5RJTjyw7TmdVyul7WD93qhnPDVjJua\" target=\"_blank\" rel=\"noopener\" data-saferedirecturl=\"https:\/\/www.google.com\/url?q=http:\/\/granconvoy.trckacbm.com\/url\/ver\/39554785\/\/763895\/k08fe4TrUKW5RJTjyw7TmdVyul7WD93qhnPDVjJua&amp;source=gmail&amp;ust=1563216346261000&amp;usg=AFQjCNFAhAUEBZrLCP6dq8NT_kqPzzoY5w\">www.elkanka.es<\/a>.<\/p>\n<div id=\"ritekit-alerts\"><\/div>\n","protected":false},"excerpt":{"rendered":"<p>PorJean Carlos Ranauro Hace pocos d\u00edas El Kanka celebraba su exitoso regreso de Latinoam\u00e9rica donde se ha afianzado como artista destacado con un total de seis pa\u00edses visitados en un mes, quince conciertos ofrecidos y siete\u00a0llenos absolutos. Hoy tiene algo m\u00e1s que celebrar, y es el primer sold out de su pr\u00f3xima gira nacional \u00abDonde [&hellip;]<\/p>\n","protected":false},"author":2,"featured_media":5914,"comment_status":"closed","ping_status":"open","sticky":false,"template":"","format":"standard","meta":[],"categories":[146],"tags":[4054,7155,7156,3872],"wppr_data":[],"_links":{"self":[{"href":"https:\/\/www.notaoficial.com\/s\/wp-json\/wp\/v2\/posts\/5913"}],"collection":[{"href":"https:\/\/www.notaoficial.com\/s\/wp-json\/wp\/v2\/posts"}],"about":[{"href":"https:\/\/www.notaoficial.com\/s\/wp-json\/wp\/v2\/types\/post"}],"author":[{"embeddable":true,"href":"https:\/\/www.notaoficial.com\/s\/wp-json\/wp\/v2\/users\/2"}],"replies":[{"embeddable":true,"href":"https:\/\/www.notaoficial.com\/s\/wp-json\/wp\/v2\/comments?post=5913"}],"version-history":[{"count":1,"href":"https:\/\/www.notaoficial.com\/s\/wp-json\/wp\/v2\/posts\/5913\/revisions"}],"predecessor-version":[{"id":5915,"href":"https:\/\/www.notaoficial.com\/s\/wp-json\/wp\/v2\/posts\/5913\/revisions\/5915"}],"wp:featuredmedia":[{"embeddable":true,"href":"https:\/\/www.notaoficial.com\/s\/wp-json\/wp\/v2\/media\/5914"}],"wp:attachment":[{"href":"https:\/\/www.notaoficial.com\/s\/wp-json\/wp\/v2\/media?parent=5913"}],"wp:term":[{"taxonomy":"category","embeddable":true,"href":"https:\/\/www.notaoficial.com\/s\/wp-json\/wp\/v2\/categories?post=5913"},{"taxonomy":"post_tag","embeddable":true,"href":"https:\/\/www.notaoficial.com\/s\/wp-json\/wp\/v2\/tags?post=5913"}],"curies":[{"name":"wp","href":"https:\/\/api.w.org\/{rel}","templated":true}]}}