{"id":5938,"date":"2019-07-18T11:56:00","date_gmt":"2019-07-18T15:56:00","guid":{"rendered":"http:\/\/www.notaoficial.com\/s\/?p=5938"},"modified":"2019-07-18T11:56:00","modified_gmt":"2019-07-18T15:56:00","slug":"acompana-a-simba-en-su-aventura-como-el-rey-leon-en-cines-unidos","status":"publish","type":"post","link":"https:\/\/www.notaoficial.com\/s\/2019\/07\/18\/acompana-a-simba-en-su-aventura-como-el-rey-leon-en-cines-unidos\/","title":{"rendered":"Acompa\u00f1a a Simba en su aventura como \u201cEl Rey Le\u00f3n\u201d en Cines Unidos"},"content":{"rendered":"<p>El 19 de julio llega a todas las salas de Cines Unidos \u201cEl Rey Le\u00f3n\u201d, pel\u00edcula de Disney que vuelve a recibir en la pantalla grande a los entra\u00f1ables personajes adorados por la audiencia, pero de una manera totalmente nueva gracias a t\u00e9cnicas cinematogr\u00e1ficas de vanguardia.<\/p>\n<p>El filme dirigido por Jon Favreau, nos lleva a la sabana africana donde un futuro rey ha nacido. Simba idolatra a su padre, el rey Mufasa, y est\u00e1 entusiasmado con su destino real. Pero no todos en el reino celebran la llegada del nuevo cachorro. Scar, el hermano de Mufasa y antiguo heredero al trono, tiene sus propios planes. La batalla de La Roca del rey se ve te\u00f1ida de traici\u00f3n, tragedia y drama, y acaba forzando a Simba al exilio. Con la ayuda de una curiosa pareja de amigos nuevos, Simba tendr\u00e1 que arregl\u00e1rselas para crecer y recuperar lo que leg\u00edtimamente le corresponde.<\/p>\n<p>\u201cEl Rey Le\u00f3n\u201d, la pel\u00edcula cl\u00e1sica de Disney de 1994, es considerada una obra maestra y muy querida por los fan\u00e1ticos en todo el mundo. Ahora el director Jon Favreau \u2014quien dirigi\u00f3 \u201cEl Libro de la Selva\u201d en 2016\u2014 lleva la cl\u00e1sica historia a la pantalla grande de una manera totalmente nueva, yendo un paso m\u00e1s all\u00e1 al usar una forma muy evolucionada para narrar: tecnolog\u00eda que combina t\u00e9cnicas cinematogr\u00e1ficas de acci\u00f3n real con im\u00e1genes fotorrealistas generadas por computadora.<\/p>\n<p>\u201cEl Rey Le\u00f3n\u201d tambi\u00e9n estar\u00e1 disponible en 3D a nivel nacional en las salas de Cines Unidos.<\/p>\n<div id=\"ritekit-alerts\"><\/div>\n","protected":false},"excerpt":{"rendered":"<p>El 19 de julio llega a todas las salas de Cines Unidos \u201cEl Rey Le\u00f3n\u201d, pel\u00edcula de Disney que vuelve a recibir en la pantalla grande a los entra\u00f1ables personajes adorados por la audiencia, pero de una manera totalmente nueva gracias a t\u00e9cnicas cinematogr\u00e1ficas de vanguardia. El filme dirigido por Jon Favreau, nos lleva a [&hellip;]<\/p>\n","protected":false},"author":2,"featured_media":5940,"comment_status":"closed","ping_status":"open","sticky":false,"template":"","format":"standard","meta":[],"categories":[4747,93,2],"tags":[4770,7125,7175],"wppr_data":[],"_links":{"self":[{"href":"https:\/\/www.notaoficial.com\/s\/wp-json\/wp\/v2\/posts\/5938"}],"collection":[{"href":"https:\/\/www.notaoficial.com\/s\/wp-json\/wp\/v2\/posts"}],"about":[{"href":"https:\/\/www.notaoficial.com\/s\/wp-json\/wp\/v2\/types\/post"}],"author":[{"embeddable":true,"href":"https:\/\/www.notaoficial.com\/s\/wp-json\/wp\/v2\/users\/2"}],"replies":[{"embeddable":true,"href":"https:\/\/www.notaoficial.com\/s\/wp-json\/wp\/v2\/comments?post=5938"}],"version-history":[{"count":1,"href":"https:\/\/www.notaoficial.com\/s\/wp-json\/wp\/v2\/posts\/5938\/revisions"}],"predecessor-version":[{"id":5941,"href":"https:\/\/www.notaoficial.com\/s\/wp-json\/wp\/v2\/posts\/5938\/revisions\/5941"}],"wp:featuredmedia":[{"embeddable":true,"href":"https:\/\/www.notaoficial.com\/s\/wp-json\/wp\/v2\/media\/5940"}],"wp:attachment":[{"href":"https:\/\/www.notaoficial.com\/s\/wp-json\/wp\/v2\/media?parent=5938"}],"wp:term":[{"taxonomy":"category","embeddable":true,"href":"https:\/\/www.notaoficial.com\/s\/wp-json\/wp\/v2\/categories?post=5938"},{"taxonomy":"post_tag","embeddable":true,"href":"https:\/\/www.notaoficial.com\/s\/wp-json\/wp\/v2\/tags?post=5938"}],"curies":[{"name":"wp","href":"https:\/\/api.w.org\/{rel}","templated":true}]}}